{"id":970,"date":"2020-04-30T09:03:14","date_gmt":"2020-04-30T09:03:14","guid":{"rendered":"http:\/\/www.aede.ch\/?p=970"},"modified":"2022-03-31T09:56:53","modified_gmt":"2022-03-31T09:56:53","slug":"lecture-simplifiee-les-romans-de-jules-verne","status":"publish","type":"post","link":"https:\/\/www.aede.ch\/?p=970","title":{"rendered":"Lecture simplifi\u00e9e: Les romans de Jules Verne"},"content":{"rendered":"<div class=\"_df_book df-lite\" id=\"df_983\"  data-title=\"jules-verne\" _slug=\"jules-verne\" wpoptions=\"true\" thumb=\"http:\/\/www.aede.ch\/wp-content\/uploads\/2022\/03\/les-reves-de-Jules-Verne-ok.jpeg\" thumbtype=\"bg\" ><p class=\"df-raw-loading\">Please wait while flipbook is loading. For more related info, FAQs and issues please refer to <a href=\"https:\/\/wordpress.org\/plugins\/3d-flipbook-dflip-lite\/#installation\">DearFlip WordPress Flipbook Plugin Help<\/a> documentation.<\/p><\/div><script class=\"df-shortcode-script\" type=\"application\/javascript\">window.option_df_983 = {\"outline\":[],\"height\":\"auto\",\"forceFit\":\"true\",\"autoEnableOutline\":\"false\",\"autoEnableThumbnail\":\"false\",\"overwritePDFOutline\":\"false\",\"enableDownload\":\"false\",\"direction\":\"1\",\"pageSize\":\"0\",\"pageMode\":\"1\",\"singlePageMode\":\"0\",\"source\":\"http:\\\/\\\/www.aede.ch\\\/wp-content\\\/uploads\\\/2022\\\/03\\\/les-reves-de-Jules-Verne-ok.pdf\",\"wpOptions\":\"true\"}; if(window.DFLIP && window.DFLIP.parseBooks){window.DFLIP.parseBooks();}<\/script>\n<p>Ecouter chapitre par chapitre:<br \/>\nChapitre 1:<br \/>\n<!--[if lt IE 9]><script>document.createElement('audio');<\/script><![endif]-->\n<audio class=\"wp-audio-shortcode\" id=\"audio-970-1\" preload=\"none\" style=\"width: 100%;\" controls=\"controls\"><source type=\"audio\/mpeg\" src=\"http:\/\/www.aede.ch\/wp-content\/uploads\/2022\/03\/01_Jules-Verne_Chapitre01.mp3?_=1\" \/><a href=\"http:\/\/www.aede.ch\/wp-content\/uploads\/2022\/03\/01_Jules-Verne_Chapitre01.mp3\">http:\/\/www.aede.ch\/wp-content\/uploads\/2022\/03\/01_Jules-Verne_Chapitre01.mp3<\/a><\/audio><br \/>\nChapitre 2:<br \/>\n<audio class=\"wp-audio-shortcode\" id=\"audio-970-2\" preload=\"none\" style=\"width: 100%;\" controls=\"controls\"><source type=\"audio\/mpeg\" src=\"http:\/\/www.aede.ch\/wp-content\/uploads\/2022\/03\/02_Jules-Verne_Chapitre02.mp3?_=2\" \/><a href=\"http:\/\/www.aede.ch\/wp-content\/uploads\/2022\/03\/02_Jules-Verne_Chapitre02.mp3\">http:\/\/www.aede.ch\/wp-content\/uploads\/2022\/03\/02_Jules-Verne_Chapitre02.mp3<\/a><\/audio><br \/>\nChapitre 3:<br \/>\n<audio class=\"wp-audio-shortcode\" id=\"audio-970-3\" preload=\"none\" style=\"width: 100%;\" controls=\"controls\"><source type=\"audio\/mpeg\" src=\"http:\/\/www.aede.ch\/wp-content\/uploads\/2022\/03\/03_Jules-Verne_Chapitre03.mp3?_=3\" \/><a href=\"http:\/\/www.aede.ch\/wp-content\/uploads\/2022\/03\/03_Jules-Verne_Chapitre03.mp3\">http:\/\/www.aede.ch\/wp-content\/uploads\/2022\/03\/03_Jules-Verne_Chapitre03.mp3<\/a><\/audio><br \/>\nChapitre 4:<br \/>\n<audio class=\"wp-audio-shortcode\" id=\"audio-970-4\" preload=\"none\" style=\"width: 100%;\" controls=\"controls\"><source type=\"audio\/mpeg\" src=\"http:\/\/www.aede.ch\/wp-content\/uploads\/2022\/03\/04_Jules-Verne_Chapitre04.mp3?_=4\" \/><a href=\"http:\/\/www.aede.ch\/wp-content\/uploads\/2022\/03\/04_Jules-Verne_Chapitre04.mp3\">http:\/\/www.aede.ch\/wp-content\/uploads\/2022\/03\/04_Jules-Verne_Chapitre04.mp3<\/a><\/audio><br \/>\nChapitre 5:<br \/>\n<audio class=\"wp-audio-shortcode\" id=\"audio-970-5\" preload=\"none\" style=\"width: 100%;\" controls=\"controls\"><source type=\"audio\/mpeg\" src=\"http:\/\/www.aede.ch\/wp-content\/uploads\/2022\/03\/05_Jules-Verne_Chapitre05.mp3?_=5\" \/><a href=\"http:\/\/www.aede.ch\/wp-content\/uploads\/2022\/03\/05_Jules-Verne_Chapitre05.mp3\">http:\/\/www.aede.ch\/wp-content\/uploads\/2022\/03\/05_Jules-Verne_Chapitre05.mp3<\/a><\/audio><br \/>\nChapitre 6:<br \/>\n<audio class=\"wp-audio-shortcode\" id=\"audio-970-6\" preload=\"none\" style=\"width: 100%;\" controls=\"controls\"><source type=\"audio\/mpeg\" src=\"http:\/\/www.aede.ch\/wp-content\/uploads\/2022\/03\/06_Jules-Verne_Chapitre06.mp3?_=6\" \/><a href=\"http:\/\/www.aede.ch\/wp-content\/uploads\/2022\/03\/06_Jules-Verne_Chapitre06.mp3\">http:\/\/www.aede.ch\/wp-content\/uploads\/2022\/03\/06_Jules-Verne_Chapitre06.mp3<\/a><\/audio><br \/>\nChapitre 7:<br \/>\n<audio class=\"wp-audio-shortcode\" id=\"audio-970-7\" preload=\"none\" style=\"width: 100%;\" controls=\"controls\"><source type=\"audio\/mpeg\" src=\"http:\/\/www.aede.ch\/wp-content\/uploads\/2022\/03\/07_Jules-Verne_Chapitre07.mp3?_=7\" \/><a href=\"http:\/\/www.aede.ch\/wp-content\/uploads\/2022\/03\/07_Jules-Verne_Chapitre07.mp3\">http:\/\/www.aede.ch\/wp-content\/uploads\/2022\/03\/07_Jules-Verne_Chapitre07.mp3<\/a><\/audio><br \/>\nChapitre 8:<br \/>\n<audio class=\"wp-audio-shortcode\" id=\"audio-970-8\" preload=\"none\" style=\"width: 100%;\" controls=\"controls\"><source type=\"audio\/mpeg\" src=\"http:\/\/www.aede.ch\/wp-content\/uploads\/2022\/03\/08_Jules-Verne_Chapitre08.mp3?_=8\" \/><a href=\"http:\/\/www.aede.ch\/wp-content\/uploads\/2022\/03\/08_Jules-Verne_Chapitre08.mp3\">http:\/\/www.aede.ch\/wp-content\/uploads\/2022\/03\/08_Jules-Verne_Chapitre08.mp3<\/a><\/audio><br \/>\nChapitre 9:<br \/>\n<audio class=\"wp-audio-shortcode\" id=\"audio-970-9\" preload=\"none\" style=\"width: 100%;\" controls=\"controls\"><source type=\"audio\/mpeg\" src=\"http:\/\/www.aede.ch\/wp-content\/uploads\/2022\/03\/09_Jules-Verne_Chapitre09.mp3?_=9\" \/><a href=\"http:\/\/www.aede.ch\/wp-content\/uploads\/2022\/03\/09_Jules-Verne_Chapitre09.mp3\">http:\/\/www.aede.ch\/wp-content\/uploads\/2022\/03\/09_Jules-Verne_Chapitre09.mp3<\/a><\/audio><\/p>\n<p>L&rsquo;adaptation du Voyage vers la lune par Georges M\u00e9li\u00e9s (1902):<br \/>\n<iframe loading=\"lazy\" width=\"560\" height=\"315\" src=\"https:\/\/www.youtube.com\/embed\/ZNAHcMMOHE8\" title=\"YouTube video player\" frameborder=\"0\" allow=\"accelerometer; autoplay; clipboard-write; encrypted-media; gyroscope; picture-in-picture\" allowfullscreen><\/iframe><\/p>\n<p>Les voyages extraordinaires de Jules Verne:<br \/>\n<iframe loading=\"lazy\" width=\"560\" height=\"315\" src=\"https:\/\/www.youtube.com\/embed\/videoseries?list=PLKShdT6MzfgVTi94_CoVVUt3wBBpcZLRB\" title=\"YouTube video player\" frameborder=\"0\" allow=\"accelerometer; autoplay; clipboard-write; encrypted-media; gyroscope; picture-in-picture\" allowfullscreen><\/iframe><\/p>\n<p>R\u00e9alis\u00e9 d&rsquo;apr\u00e8s une id\u00e9e de ma coll\u00e8gue C\u00e9cile pendant le confinement du printemps 2020.<\/p>\n","protected":false},"excerpt":{"rendered":"<p>Ecouter chapitre par chapitre: Chapitre 1: Chapitre 2: Chapitre 3: Chapitre 4: Chapitre 5: Chapitre 6: Chapitre 7: Chapitre 8: Chapitre 9: L&rsquo;adaptation du Voyage vers la lune par Georges M\u00e9li\u00e9s (1902): Les voyages extraordinaires de Jules Verne: R\u00e9alis\u00e9 d&rsquo;apr\u00e8s une id\u00e9e de ma coll\u00e8gue C\u00e9cile pendant le confinement du printemps 2020.<\/p>\n","protected":false},"author":1,"featured_media":1031,"comment_status":"closed","ping_status":"closed","sticky":false,"template":"","format":"standard","meta":[],"categories":[15,16,32,27,5,6,28],"tags":[],"_links":{"self":[{"href":"https:\/\/www.aede.ch\/index.php?rest_route=\/wp\/v2\/posts\/970"}],"collection":[{"href":"https:\/\/www.aede.ch\/index.php?rest_route=\/wp\/v2\/posts"}],"about":[{"href":"https:\/\/www.aede.ch\/index.php?rest_route=\/wp\/v2\/types\/post"}],"author":[{"embeddable":true,"href":"https:\/\/www.aede.ch\/index.php?rest_route=\/wp\/v2\/users\/1"}],"replies":[{"embeddable":true,"href":"https:\/\/www.aede.ch\/index.php?rest_route=%2Fwp%2Fv2%2Fcomments&post=970"}],"version-history":[{"count":1,"href":"https:\/\/www.aede.ch\/index.php?rest_route=\/wp\/v2\/posts\/970\/revisions"}],"predecessor-version":[{"id":1032,"href":"https:\/\/www.aede.ch\/index.php?rest_route=\/wp\/v2\/posts\/970\/revisions\/1032"}],"wp:featuredmedia":[{"embeddable":true,"href":"https:\/\/www.aede.ch\/index.php?rest_route=\/wp\/v2\/media\/1031"}],"wp:attachment":[{"href":"https:\/\/www.aede.ch\/index.php?rest_route=%2Fwp%2Fv2%2Fmedia&parent=970"}],"wp:term":[{"taxonomy":"category","embeddable":true,"href":"https:\/\/www.aede.ch\/index.php?rest_route=%2Fwp%2Fv2%2Fcategories&post=970"},{"taxonomy":"post_tag","embeddable":true,"href":"https:\/\/www.aede.ch\/index.php?rest_route=%2Fwp%2Fv2%2Ftags&post=970"}],"curies":[{"name":"wp","href":"https:\/\/api.w.org\/{rel}","templated":true}]}}