{"id":962,"date":"2023-04-25T08:50:27","date_gmt":"2023-04-25T08:50:27","guid":{"rendered":"http:\/\/www.aede.ch\/?p=962"},"modified":"2023-09-30T18:57:05","modified_gmt":"2023-09-30T18:57:05","slug":"les-contes-nasreddine","status":"publish","type":"post","link":"https:\/\/www.aede.ch\/?p=962","title":{"rendered":"Les contes de Nasreddine"},"content":{"rendered":"<p>Intertextualit\u00e9 et Interculturalit\u00e9 du conte:<\/p>\n<p>Nasreddine est un personnage pr\u00e9sent dans diff\u00e9rentes cultures populaires allant du Moyen-Orient jusqu&rsquo;en Asie, ces contes comiques rev\u00eatent une valeur morale, philosophique.<\/p>\n<div class=\"_df_book df-lite\" id=\"df_2372\"  data-title=\"nasreddine-discours-direct-et-indirect\" _slug=\"nasreddine-discours-direct-et-indirect\" wpoptions=\"true\" thumbtype=\"bg\" ><p class=\"df-raw-loading\">Please wait while flipbook is loading. For more related info, FAQs and issues please refer to <a href=\"https:\/\/wordpress.org\/plugins\/3d-flipbook-dflip-lite\/#installation\">DearFlip WordPress Flipbook Plugin Help<\/a> documentation.<\/p><\/div><script class=\"df-shortcode-script\" type=\"application\/javascript\">window.option_df_2372 = {\"outline\":[],\"forceFit\":\"true\",\"autoEnableOutline\":\"false\",\"autoEnableThumbnail\":\"false\",\"overwritePDFOutline\":\"false\",\"direction\":\"1\",\"pageSize\":\"0\",\"source\":\"http:\\\/\\\/www.aede.ch\\\/wp-content\\\/uploads\\\/2023\\\/04\\\/Discours-direct-indirect-Nasreddine.pdf\",\"wpOptions\":\"true\"}; if(window.DFLIP && window.DFLIP.parseBooks){window.DFLIP.parseBooks();}<\/script>\n<p><strong>Nasreddine, son fils et l&rsquo;\u00e2ne:<\/strong><\/p>\n<!--[if lt IE 9]><script>document.createElement('audio');<\/script><![endif]-->\n<audio class=\"wp-audio-shortcode\" id=\"audio-962-1\" preload=\"none\" style=\"width: 100%;\" controls=\"controls\"><source type=\"audio\/mpeg\" src=\"http:\/\/www.aede.ch\/wp-content\/uploads\/2022\/03\/10_NASREDDIN-SON-FILS-ET-L_ANE.mp3?_=1\" \/><a href=\"http:\/\/www.aede.ch\/wp-content\/uploads\/2022\/03\/10_NASREDDIN-SON-FILS-ET-L_ANE.mp3\">http:\/\/www.aede.ch\/wp-content\/uploads\/2022\/03\/10_NASREDDIN-SON-FILS-ET-L_ANE.mp3<\/a><\/audio>\n<p><strong>Les figues ou les past\u00e8ques:<\/strong><\/p>\n<audio class=\"wp-audio-shortcode\" id=\"audio-962-2\" preload=\"none\" style=\"width: 100%;\" controls=\"controls\"><source type=\"audio\/mpeg\" src=\"http:\/\/www.aede.ch\/wp-content\/uploads\/2022\/03\/11_NASREDDIN-LES-FIGUES-OU-LES-PASTEQUES.mp3?_=2\" \/><a href=\"http:\/\/www.aede.ch\/wp-content\/uploads\/2022\/03\/11_NASREDDIN-LES-FIGUES-OU-LES-PASTEQUES.mp3\">http:\/\/www.aede.ch\/wp-content\/uploads\/2022\/03\/11_NASREDDIN-LES-FIGUES-OU-LES-PASTEQUES.mp3<\/a><\/audio>\n<p><strong>La chaleur de l&rsquo;\u00e9toile:<\/strong><\/p>\n<audio class=\"wp-audio-shortcode\" id=\"audio-962-3\" preload=\"none\" style=\"width: 100%;\" controls=\"controls\"><source type=\"audio\/mpeg\" src=\"http:\/\/www.aede.ch\/wp-content\/uploads\/2022\/03\/09_NASREDDIN-LA-CHALEUR-DE-L_ETOILE.mp3?_=3\" \/><a href=\"http:\/\/www.aede.ch\/wp-content\/uploads\/2022\/03\/09_NASREDDIN-LA-CHALEUR-DE-L_ETOILE.mp3\">http:\/\/www.aede.ch\/wp-content\/uploads\/2022\/03\/09_NASREDDIN-LA-CHALEUR-DE-L_ETOILE.mp3<\/a><\/audio>\n<p>Les productions des \u00e9l\u00e8ves (atelier de prononciation r\u00e9alis\u00e9 avec mes coll\u00e8gues Alexandre et Maria):<\/p>\n<p><iframe loading=\"lazy\" title=\"YouTube video player\" src=\"https:\/\/www.youtube.com\/embed\/videoseries?list=PL6v-dhfdef3tp3krPCWcbWZ40B15IlpMS\" width=\"560\" height=\"315\" frameborder=\"0\" allowfullscreen=\"allowfullscreen\"><\/iframe><\/p>\n<p>Activit\u00e9 bas\u00e9e sur:<br \/>\n\u00ab\u00a0Il \u00e9tait une fois: le conte\u00a0\u00bb (Ed. PUG).<br \/>\n<!-- START Kaya QR Code Generator --><div class=\"wpkqcg_qrcode_wrapper\"><input type=\"hidden\" id=\"wpkqcg_qrcode_outputimg_696a97b71d7a73114_ecclevel\" value=\"L\" \/><input type=\"hidden\" id=\"wpkqcg_qrcode_outputimg_696a97b71d7a73114_size\" value=\"\" \/><input type=\"hidden\" id=\"wpkqcg_qrcode_outputimg_696a97b71d7a73114_color\" value=\"\" \/><input type=\"hidden\" id=\"wpkqcg_qrcode_outputimg_696a97b71d7a73114_bgcolor\" value=\"\" \/><input type=\"hidden\" id=\"wpkqcg_qrcode_outputimg_696a97b71d7a73114_content\" value=\"https:\/\/www.aede.ch\/index.php?rest_route=%2Fwp%2Fv2%2Fposts%2F962\" \/><img src=\"\" id=\"wpkqcg_qrcode_outputimg_696a97b71d7a73114\" alt=\"QR Code\" class=\"wpkqcg_qrcode\" style=\"width: auto; height: auto; max-width: 100%;\" ><div style=\"clear: none;\"><\/div><\/div><!-- END Kaya QR Code Generator --><\/p>\n","protected":false},"excerpt":{"rendered":"<p>Intertextualit\u00e9 et Interculturalit\u00e9 du conte: Nasreddine est un personnage pr\u00e9sent dans diff\u00e9rentes cultures populaires allant du Moyen-Orient jusqu&rsquo;en Asie, ces contes comiques rev\u00eatent une valeur morale, philosophique. Nasreddine, son fils et l&rsquo;\u00e2ne: Les figues ou les past\u00e8ques: La chaleur de l&rsquo;\u00e9toile: Les productions des \u00e9l\u00e8ves (atelier de prononciation r\u00e9alis\u00e9 avec mes coll\u00e8gues Alexandre et Maria):&#8230;<\/p>\n<p class=\"more-link-wrap\"><a href=\"https:\/\/www.aede.ch\/?p=962\" class=\"more-link\">Lire davantage:<span class=\"screen-reader-text\"> &ldquo;Les contes de Nasreddine&rdquo;<\/span> &raquo;<\/a><\/p>\n","protected":false},"author":1,"featured_media":966,"comment_status":"closed","ping_status":"closed","sticky":false,"template":"","format":"standard","meta":[],"categories":[16,26,22,53],"tags":[],"_links":{"self":[{"href":"https:\/\/www.aede.ch\/index.php?rest_route=\/wp\/v2\/posts\/962"}],"collection":[{"href":"https:\/\/www.aede.ch\/index.php?rest_route=\/wp\/v2\/posts"}],"about":[{"href":"https:\/\/www.aede.ch\/index.php?rest_route=\/wp\/v2\/types\/post"}],"author":[{"embeddable":true,"href":"https:\/\/www.aede.ch\/index.php?rest_route=\/wp\/v2\/users\/1"}],"replies":[{"embeddable":true,"href":"https:\/\/www.aede.ch\/index.php?rest_route=%2Fwp%2Fv2%2Fcomments&post=962"}],"version-history":[{"count":8,"href":"https:\/\/www.aede.ch\/index.php?rest_route=\/wp\/v2\/posts\/962\/revisions"}],"predecessor-version":[{"id":2375,"href":"https:\/\/www.aede.ch\/index.php?rest_route=\/wp\/v2\/posts\/962\/revisions\/2375"}],"wp:featuredmedia":[{"embeddable":true,"href":"https:\/\/www.aede.ch\/index.php?rest_route=\/wp\/v2\/media\/966"}],"wp:attachment":[{"href":"https:\/\/www.aede.ch\/index.php?rest_route=%2Fwp%2Fv2%2Fmedia&parent=962"}],"wp:term":[{"taxonomy":"category","embeddable":true,"href":"https:\/\/www.aede.ch\/index.php?rest_route=%2Fwp%2Fv2%2Fcategories&post=962"},{"taxonomy":"post_tag","embeddable":true,"href":"https:\/\/www.aede.ch\/index.php?rest_route=%2Fwp%2Fv2%2Ftags&post=962"}],"curies":[{"name":"wp","href":"https:\/\/api.w.org\/{rel}","templated":true}]}}