{"id":644,"date":"2021-03-20T18:35:50","date_gmt":"2021-03-20T18:35:50","guid":{"rendered":"http:\/\/www.aede.ch\/?p=644"},"modified":"2023-09-30T19:01:52","modified_gmt":"2023-09-30T19:01:52","slug":"printemps-de-la-poesie-2021","status":"publish","type":"post","link":"https:\/\/www.aede.ch\/?p=644","title":{"rendered":"Printemps de la po\u00e9sie 2021"},"content":{"rendered":"<div class=\"epyt-video-wrapper\"><iframe loading=\"lazy\"  id=\"_ytid_27122\"  width=\"650\" height=\"366\"  data-origwidth=\"650\" data-origheight=\"366\"  data-relstop=\"1\" src=\"https:\/\/www.youtube.com\/embed\/?enablejsapi=1&#038;list=PL6v-dhfdef3s_4phrC47bUbznamI98zhV&#038;autoplay=0&#038;cc_load_policy=0&#038;cc_lang_pref=&#038;iv_load_policy=1&#038;loop=0&#038;modestbranding=1&#038;rel=0&#038;fs=1&#038;playsinline=0&#038;autohide=2&#038;theme=dark&#038;color=red&#038;controls=1&#038;\" class=\"__youtube_prefs__  epyt-is-override  no-lazyload\" title=\"YouTube player\"  allow=\"accelerometer; autoplay; clipboard-write; encrypted-media; gyroscope; picture-in-picture\" allowfullscreen data-no-lazy=\"1\" data-skipgform_ajax_framebjll=\"\"><\/iframe><\/div>\n<p>Six cin\u00e9-po\u00e8mes r\u00e9alis\u00e9es pour le Printemps de la Po\u00e9sie 2021. Cam\u00e9ra Ahmad Mohammad, Son: Omar Odermatt. Montage: Ahmad Mohammad &amp; Ricardo Da Silva.<\/p>\n","protected":false},"excerpt":{"rendered":"<p>Six cin\u00e9-po\u00e8mes r\u00e9alis\u00e9es pour le Printemps de la Po\u00e9sie 2021. Cam\u00e9ra Ahmad Mohammad, Son: Omar Odermatt. Montage: Ahmad Mohammad &amp; Ricardo Da Silva.<\/p>\n","protected":false},"author":1,"featured_media":647,"comment_status":"closed","ping_status":"closed","sticky":false,"template":"","format":"standard","meta":[],"categories":[26,17,32,51,22,3,33,53],"tags":[],"_links":{"self":[{"href":"https:\/\/www.aede.ch\/index.php?rest_route=\/wp\/v2\/posts\/644"}],"collection":[{"href":"https:\/\/www.aede.ch\/index.php?rest_route=\/wp\/v2\/posts"}],"about":[{"href":"https:\/\/www.aede.ch\/index.php?rest_route=\/wp\/v2\/types\/post"}],"author":[{"embeddable":true,"href":"https:\/\/www.aede.ch\/index.php?rest_route=\/wp\/v2\/users\/1"}],"replies":[{"embeddable":true,"href":"https:\/\/www.aede.ch\/index.php?rest_route=%2Fwp%2Fv2%2Fcomments&post=644"}],"version-history":[{"count":1,"href":"https:\/\/www.aede.ch\/index.php?rest_route=\/wp\/v2\/posts\/644\/revisions"}],"predecessor-version":[{"id":648,"href":"https:\/\/www.aede.ch\/index.php?rest_route=\/wp\/v2\/posts\/644\/revisions\/648"}],"wp:featuredmedia":[{"embeddable":true,"href":"https:\/\/www.aede.ch\/index.php?rest_route=\/wp\/v2\/media\/647"}],"wp:attachment":[{"href":"https:\/\/www.aede.ch\/index.php?rest_route=%2Fwp%2Fv2%2Fmedia&parent=644"}],"wp:term":[{"taxonomy":"category","embeddable":true,"href":"https:\/\/www.aede.ch\/index.php?rest_route=%2Fwp%2Fv2%2Fcategories&post=644"},{"taxonomy":"post_tag","embeddable":true,"href":"https:\/\/www.aede.ch\/index.php?rest_route=%2Fwp%2Fv2%2Ftags&post=644"}],"curies":[{"name":"wp","href":"https:\/\/api.w.org\/{rel}","templated":true}]}}