{"id":568,"date":"2021-11-07T14:55:13","date_gmt":"2021-11-07T14:55:13","guid":{"rendered":"http:\/\/www.aede.ch\/?p=568"},"modified":"2024-04-24T11:50:08","modified_gmt":"2024-04-24T11:50:08","slug":"les-contes","status":"publish","type":"post","link":"https:\/\/www.aede.ch\/?p=568","title":{"rendered":"Les contes"},"content":{"rendered":"<p>S&rsquo;entrainer au r\u00e9cit en travaillant sur les contes populaires en classe:<\/p>\n<ul>\n<li>Sensibilisation \u00e0 la dimension universelle de la narration.<\/li>\n<li>Objectifs communicationnels diff\u00e9renci\u00e9s en classe de fran\u00e7ais: <em>les conventions du genre, morphosyntaxe, temps verbaux, connecteurs etc.<\/em><\/li>\n<li>Dialogue interculturel autour des contes.<\/li>\n<li>D\u00e9velopper un dialogue personnel avec les r\u00e9cits populaires locaux et d&rsquo;ailleurs.<\/li>\n<\/ul>\n<div class=\"epyt-video-wrapper\"><iframe loading=\"lazy\"  id=\"_ytid_23712\"  width=\"650\" height=\"366\"  data-origwidth=\"650\" data-origheight=\"366\"  data-relstop=\"1\" src=\"https:\/\/www.youtube.com\/embed\/?enablejsapi=1&#038;list=PL6v-dhfdef3u8YQ72oyXIhJiCi5X378KE&#038;autoplay=0&#038;cc_load_policy=0&#038;cc_lang_pref=&#038;iv_load_policy=1&#038;loop=0&#038;modestbranding=1&#038;rel=0&#038;fs=1&#038;playsinline=0&#038;autohide=2&#038;theme=dark&#038;color=red&#038;controls=1&#038;\" class=\"__youtube_prefs__  epyt-is-override  no-lazyload\" title=\"YouTube player\"  allow=\"accelerometer; autoplay; clipboard-write; encrypted-media; gyroscope; picture-in-picture\" allowfullscreen data-no-lazy=\"1\" data-skipgform_ajax_framebjll=\"\"><\/iframe><\/div>\n<div>Voir aussi une approche plus interculturelle des contes en classe de langue: <a href=\"http:\/\/www.aede.ch\/?p=962\">Les contes de Nasreddine<\/a><\/div>\n<div><\/div>\n<div>\n<p><code><code><\/code><\/code><\/p>\n<div><code id=\"wpkqcg_shortcode_generator_display\"><!-- START Kaya QR Code Generator --><div class=\"wpkqcg_qrcode_wrapper\"><input type=\"hidden\" id=\"wpkqcg_qrcode_outputimg_546a96603b0f5b129_ecclevel\" value=\"L\" \/><input type=\"hidden\" id=\"wpkqcg_qrcode_outputimg_546a96603b0f5b129_size\" value=\"\" \/><input type=\"hidden\" id=\"wpkqcg_qrcode_outputimg_546a96603b0f5b129_color\" value=\"\" \/><input type=\"hidden\" id=\"wpkqcg_qrcode_outputimg_546a96603b0f5b129_bgcolor\" value=\"\" \/><input type=\"hidden\" id=\"wpkqcg_qrcode_outputimg_546a96603b0f5b129_content\" value=\"https:\/\/www.aede.ch\/index.php?rest_route=%2Fwp%2Fv2%2Fposts%2F568\" \/><img src=\"\" id=\"wpkqcg_qrcode_outputimg_546a96603b0f5b129\" alt=\"QR Code\" class=\"wpkqcg_qrcode\" style=\"width: auto; height: auto; max-width: 100%;\" ><div style=\"clear: none;\"><\/div><\/div><!-- END Kaya QR Code Generator --><\/code><\/div>\n<\/div>\n","protected":false},"excerpt":{"rendered":"<p>S&rsquo;entrainer au r\u00e9cit en travaillant sur les contes populaires en classe: Sensibilisation \u00e0 la dimension universelle de la narration. Objectifs communicationnels diff\u00e9renci\u00e9s en classe de fran\u00e7ais: les conventions du genre, morphosyntaxe, temps verbaux, connecteurs etc. Dialogue interculturel autour des contes. D\u00e9velopper un dialogue personnel avec les r\u00e9cits populaires locaux et d&rsquo;ailleurs. Voir aussi une approche&#8230;<\/p>\n<p class=\"more-link-wrap\"><a href=\"https:\/\/www.aede.ch\/?p=568\" class=\"more-link\">Lire davantage:<span class=\"screen-reader-text\"> &ldquo;Les contes&rdquo;<\/span> &raquo;<\/a><\/p>\n","protected":false},"author":1,"featured_media":569,"comment_status":"closed","ping_status":"closed","sticky":false,"template":"","format":"standard","meta":[],"categories":[16,26,17,32,51,22,6,4,53],"tags":[],"_links":{"self":[{"href":"https:\/\/www.aede.ch\/index.php?rest_route=\/wp\/v2\/posts\/568"}],"collection":[{"href":"https:\/\/www.aede.ch\/index.php?rest_route=\/wp\/v2\/posts"}],"about":[{"href":"https:\/\/www.aede.ch\/index.php?rest_route=\/wp\/v2\/types\/post"}],"author":[{"embeddable":true,"href":"https:\/\/www.aede.ch\/index.php?rest_route=\/wp\/v2\/users\/1"}],"replies":[{"embeddable":true,"href":"https:\/\/www.aede.ch\/index.php?rest_route=%2Fwp%2Fv2%2Fcomments&post=568"}],"version-history":[{"count":6,"href":"https:\/\/www.aede.ch\/index.php?rest_route=\/wp\/v2\/posts\/568\/revisions"}],"predecessor-version":[{"id":1171,"href":"https:\/\/www.aede.ch\/index.php?rest_route=\/wp\/v2\/posts\/568\/revisions\/1171"}],"wp:featuredmedia":[{"embeddable":true,"href":"https:\/\/www.aede.ch\/index.php?rest_route=\/wp\/v2\/media\/569"}],"wp:attachment":[{"href":"https:\/\/www.aede.ch\/index.php?rest_route=%2Fwp%2Fv2%2Fmedia&parent=568"}],"wp:term":[{"taxonomy":"category","embeddable":true,"href":"https:\/\/www.aede.ch\/index.php?rest_route=%2Fwp%2Fv2%2Fcategories&post=568"},{"taxonomy":"post_tag","embeddable":true,"href":"https:\/\/www.aede.ch\/index.php?rest_route=%2Fwp%2Fv2%2Ftags&post=568"}],"curies":[{"name":"wp","href":"https:\/\/api.w.org\/{rel}","templated":true}]}}