{"id":549,"date":"2021-10-19T12:30:36","date_gmt":"2021-10-19T12:30:36","guid":{"rendered":"http:\/\/www.aede.ch\/?p=549"},"modified":"2024-04-24T11:49:45","modified_gmt":"2024-04-24T11:49:45","slug":"decouvrir-le-reseau-associatif-solidaire-vaudois","status":"publish","type":"post","link":"https:\/\/www.aede.ch\/?p=549","title":{"rendered":"D\u00e9couvrir le r\u00e9seau associatif solidaire vaudois"},"content":{"rendered":"<h5><strong>D\u00e9couvrir le r\u00e9seau associatif solidaire pr\u00e9sent dans le Canton de Vaud:<\/strong><\/h5>\n<p>Cherchez des associations \u00e0 proximit\u00e9 de votre localit\u00e9 de r\u00e9sidence pour boire un caf\u00e9 et parler, faire des activit\u00e9s sociales avec des personnes d&rsquo;ici etc.<\/p>\n<p><iframe loading=\"lazy\" src=\"\/\/umap.openstreetmap.fr\/fr\/map\/plateforme-asile-vous-aussi-participez_243548?scaleControl=false&amp;miniMap=false&amp;scrollWheelZoom=false&amp;zoomControl=true&amp;allowEdit=false&amp;moreControl=true&amp;searchControl=null&amp;tilelayersControl=null&amp;embedControl=null&amp;datalayersControl=true&amp;onLoadPanel=caption&amp;captionBar=false\" width=\"100%\" height=\"300px\" frameborder=\"0\" allowfullscreen=\"allowfullscreen\"><\/iframe><\/p>\n<p><a href=\"\/\/umap.openstreetmap.fr\/fr\/map\/plateforme-asile-vous-aussi-participez_243548\">Voir en plein \u00e9cran<\/a><\/p>\n<div id=\"dflip-tab-content-normal\" class=\"dflip-tab-content dflip-active\"><\/div>\n<h5><strong>Pour aller plus loin:<\/strong><\/h5>\n<ul>\n<li><strong>RERS<\/strong>: Les <strong>R\u00e9seaux d&rsquo;\u00e9changes r\u00e9ciproques de Savoirs<\/strong> dans le Canton de Vaud:\n<ul>\n<li>Lausanne: <a href=\"https:\/\/www.rers.ch\/lausanne\/\" target=\"_blank\" rel=\"noopener noreferrer\">https:\/\/www.rers.ch\/lausanne\/<\/a><\/li>\n<li>Prendre contact: <a href=\"https:\/\/www.rers.ch\/contact\/\" target=\"_blank\" rel=\"noopener noreferrer\">https:\/\/www.rers.ch\/contact\/<\/a><\/li>\n<li>Vevey: <a href=\"http:\/\/trocsavoirsvevey.blogspot.com\/\" target=\"_blank\" rel=\"noopener noreferrer\">http:\/\/trocsavoirsvevey.blogspot.com\/<\/a><\/li>\n<li>Proposer un \u00e9change de savoirs \u00e0 Vevey: <a href=\"https:\/\/docs.google.com\/document\/d\/1L_P99_B72kKNUu-VoR2iD9p91jB_o4nkqIA9agP-ZJs\/edit\" target=\"_blank\" rel=\"noopener noreferrer\">https:\/\/docs.google.com\/document\/d\/1L_P99_B72kKNUu-VoR2iD9p91jB_o4nkqIA9agP-ZJs\/edit<\/a><\/li>\n<\/ul>\n<\/li>\n<li><strong>SEL<\/strong>: <b>S<\/b>yst\u00e8me d\u2019<b>E<\/b>change <b>L<\/b>ocal, est une association qui met en place un r\u00e9seau d\u2019\u00e9changes, d\u2019amiti\u00e9 et d\u2019entraide dans un quartier,<br \/>\nune ville ou une r\u00e9gion.<\/p>\n<ul>\n<li>Vaud: <a href=\"http:\/\/www.sel-suisse.ch\/vaud.html\" target=\"_blank\" rel=\"noopener noreferrer\">http:\/\/www.sel-suisse.ch\/vaud.html<\/a><\/li>\n<\/ul>\n<\/li>\n<li>Chercher un.e partenaire <strong>TANDEM<\/strong> pour parler Fran\u00e7ais et votre langue avec un.e francophone:\n<ul>\n<li><a href=\"https:\/\/lett.unil.ch\/tandem\/index.php?submit_menu_m2_account_profile=1\" target=\"_blank\" rel=\"noopener noreferrer\">https:\/\/lett.unil.ch\/tandem\/index.php?submit_menu_m2_account_profile=1<\/a><\/li>\n<\/ul>\n<\/li>\n<li>Chercher un petit<strong> emploi<\/strong> comme <strong>b\u00e9n\u00e9vole<\/strong> en Suisse:\n<ul>\n<li><a href=\"https:\/\/www.benevol-jobs.ch\/fr\" target=\"_blank\" rel=\"noopener noreferrer\">https:\/\/www.benevol-jobs.ch\/fr<\/a><\/li>\n<\/ul>\n<\/li>\n<li>Association d&rsquo;aide aux personnes en exil qui souhaitent entre \u00e0 l&rsquo;Universit\u00e9: <strong>UNIL SANS FRONTIERES<\/strong>\n<ul>\n<li><a href=\"https:\/\/www.asso-unil.ch\/unilsansfrontieres\/\" target=\"_blank\" rel=\"noopener noreferrer\">https:\/\/www.asso-unil.ch\/unilsansfrontieres\/<\/a><\/li>\n<\/ul>\n<\/li>\n<li>Trouver de l&rsquo;aide pour des questions d&rsquo;argent, familiales &#8230; Le <strong>Centre Social Protestant<\/strong> (CSP)\n<ul>\n<li><a href=\"https:\/\/csp.ch\/vaud\/\" target=\"_blank\" rel=\"noopener noreferrer\">https:\/\/csp.ch\/vaud\/<\/a><\/li>\n<\/ul>\n<\/li>\n<li>Coop\u00e9rative d\u2019insertion <strong>D\u00e9marche<\/strong><\/li>\n<li><a href=\"https:\/\/www.demarche.ch\/accueil\">https:\/\/www.demarche.ch\/accueil<\/a><\/li>\n<\/ul>\n<p><a href=\"http:\/\/www.aede.ch\/?p=635\" target=\"_blank\" rel=\"noopener noreferrer\">D\u00e9couvrir la brochure Lausanne Solidaire.<\/a><\/p>\n<div><code id=\"wpkqcg_shortcode_generator_display\"><!-- START Kaya QR Code Generator --><div class=\"wpkqcg_qrcode_wrapper\"><input type=\"hidden\" id=\"wpkqcg_qrcode_outputimg_396a966b051644c90_ecclevel\" value=\"L\" \/><input type=\"hidden\" id=\"wpkqcg_qrcode_outputimg_396a966b051644c90_size\" value=\"\" \/><input type=\"hidden\" id=\"wpkqcg_qrcode_outputimg_396a966b051644c90_color\" value=\"\" \/><input type=\"hidden\" id=\"wpkqcg_qrcode_outputimg_396a966b051644c90_bgcolor\" value=\"\" \/><input type=\"hidden\" id=\"wpkqcg_qrcode_outputimg_396a966b051644c90_content\" value=\"https:\/\/www.aede.ch\/index.php?rest_route=%2Fwp%2Fv2%2Fposts%2F549\" \/><img src=\"\" id=\"wpkqcg_qrcode_outputimg_396a966b051644c90\" alt=\"QR Code\" class=\"wpkqcg_qrcode\" style=\"width: auto; height: auto; max-width: 100%;\" ><div style=\"clear: none;\"><\/div><\/div><!-- END Kaya QR Code Generator --><\/code><\/div>\n","protected":false},"excerpt":{"rendered":"<p>D\u00e9couvrir le r\u00e9seau associatif solidaire pr\u00e9sent dans le Canton de Vaud: Cherchez des associations \u00e0 proximit\u00e9 de votre localit\u00e9 de r\u00e9sidence pour boire un caf\u00e9 et parler, faire des activit\u00e9s sociales avec des personnes d&rsquo;ici etc. Voir en plein \u00e9cran Pour aller plus loin: RERS: Les R\u00e9seaux d&rsquo;\u00e9changes r\u00e9ciproques de Savoirs dans le Canton de&#8230;<\/p>\n<p class=\"more-link-wrap\"><a href=\"https:\/\/www.aede.ch\/?p=549\" class=\"more-link\">Lire davantage:<span class=\"screen-reader-text\"> &ldquo;D\u00e9couvrir le r\u00e9seau associatif solidaire vaudois&rdquo;<\/span> &raquo;<\/a><\/p>\n","protected":false},"author":1,"featured_media":552,"comment_status":"closed","ping_status":"closed","sticky":false,"template":"","format":"standard","meta":[],"categories":[26,14,32,11,2,52,6,4,46],"tags":[],"_links":{"self":[{"href":"https:\/\/www.aede.ch\/index.php?rest_route=\/wp\/v2\/posts\/549"}],"collection":[{"href":"https:\/\/www.aede.ch\/index.php?rest_route=\/wp\/v2\/posts"}],"about":[{"href":"https:\/\/www.aede.ch\/index.php?rest_route=\/wp\/v2\/types\/post"}],"author":[{"embeddable":true,"href":"https:\/\/www.aede.ch\/index.php?rest_route=\/wp\/v2\/users\/1"}],"replies":[{"embeddable":true,"href":"https:\/\/www.aede.ch\/index.php?rest_route=%2Fwp%2Fv2%2Fcomments&post=549"}],"version-history":[{"count":9,"href":"https:\/\/www.aede.ch\/index.php?rest_route=\/wp\/v2\/posts\/549\/revisions"}],"predecessor-version":[{"id":1566,"href":"https:\/\/www.aede.ch\/index.php?rest_route=\/wp\/v2\/posts\/549\/revisions\/1566"}],"wp:featuredmedia":[{"embeddable":true,"href":"https:\/\/www.aede.ch\/index.php?rest_route=\/wp\/v2\/media\/552"}],"wp:attachment":[{"href":"https:\/\/www.aede.ch\/index.php?rest_route=%2Fwp%2Fv2%2Fmedia&parent=549"}],"wp:term":[{"taxonomy":"category","embeddable":true,"href":"https:\/\/www.aede.ch\/index.php?rest_route=%2Fwp%2Fv2%2Fcategories&post=549"},{"taxonomy":"post_tag","embeddable":true,"href":"https:\/\/www.aede.ch\/index.php?rest_route=%2Fwp%2Fv2%2Ftags&post=549"}],"curies":[{"name":"wp","href":"https:\/\/api.w.org\/{rel}","templated":true}]}}