{"id":3987,"date":"2025-11-08T09:16:02","date_gmt":"2025-11-08T09:16:02","guid":{"rendered":"https:\/\/www.aede.ch\/?p=3987"},"modified":"2025-11-08T09:18:41","modified_gmt":"2025-11-08T09:18:41","slug":"prevenir-lexcision-en-suisse","status":"publish","type":"post","link":"https:\/\/www.aede.ch\/?p=3987","title":{"rendered":"Pr\u00e9venir l\u2019excision en Suisse"},"content":{"rendered":"<p>Module de formation \u00e0 destination des professionnels:<\/p>\n<p><iframe loading=\"lazy\" style=\"border: 0px none #ffffff;\" src=\"https:\/\/e-learning.excision.ch\/\" name=\"Excision\" width=\"100%\" height=\"600px\" marginwidth=\"0\" marginheight=\"0\" scrolling=\"no\"><\/iframe><\/p>\n<p><strong>Sources cantonales VD (Paediatrica):<\/strong><br \/>\n<a href=\"https:\/\/www.vd.ch\/fileadmin\/user_upload\/organisation\/dec\/befh\/fichiers_pdf\/MutilationsGenitalesFeminines_Paediatrica.pdf\" target=\"_blank\" rel=\"noopener\">Revue Paediatrica<\/a><\/p>\n<p><strong>Sources f\u00e9d\u00e9rales:<\/strong><br \/>\n<a href=\"https:\/\/www.bag.admin.ch\/fr\/mesures-contre-les-mutilations-genitales-feminines\" target=\"_blank\" rel=\"noopener\">https:\/\/www.bag.admin.ch\/fr\/mesures-contre-les-mutilations-genitales-feminines<\/a><br \/>\n<a href=\"https:\/\/www.egalite2030.ch\/fr\/3.1.1.5\" target=\"_blank\" rel=\"noopener\">https:\/\/www.egalite2030.ch\/fr\/3.1.1.5<\/a><\/p>\n<p><strong>R\u00e9seau Suisse:<\/strong><br \/>\n<a href=\"https:\/\/www.excision.ch\/\" target=\"_blank\" rel=\"noopener\">https:\/\/www.excision.ch\/<\/a><br \/>\n<a href=\"https:\/\/www.sante-sexuelle.ch\/en-cas-durgence\/mutilations-genitales\" target=\"_blank\" rel=\"noopener\">https:\/\/www.sante-sexuelle.ch\/en-cas-durgence\/mutilations-genitales<\/a><br \/>\n<a href=\"https:\/\/www.caritas.ch\/fr\/excision\/\" target=\"_blank\" rel=\"noopener\">https:\/\/www.caritas.ch\/fr\/excision\/<\/a><br \/>\n<a href=\"https:\/\/www.skmr.ch\/fr\/publications-documentations\/projekt-webseiten\/netzwerk-gegen-m%C3%A4dchenbeschneidung-schweiz.html\" target=\"_blank\" rel=\"noopener\">https:\/\/www.skmr.ch\/fr\/publications-documentations\/projekt-webseiten\/netzwerk-gegen-m%C3%A4dchenbeschneidung-schweiz.html<\/a><br \/>\n<strong>International:<\/strong><br \/>\n<a href=\"https:\/\/www.unicef.ch\/fr\/votre-aide\/programmes\/la-lutte-contre-lexcision\" target=\"_blank\" rel=\"noopener\">https:\/\/www.unicef.ch\/fr\/votre-aide\/programmes\/la-lutte-contre-lexcision<\/a><\/p>\n<!-- START Kaya QR Code Generator --><div class=\"wpkqcg_qrcode_wrapper\"><input type=\"hidden\" id=\"wpkqcg_qrcode_outputimg_226a9655e7791c019_ecclevel\" value=\"L\" \/><input type=\"hidden\" id=\"wpkqcg_qrcode_outputimg_226a9655e7791c019_size\" value=\"\" \/><input type=\"hidden\" id=\"wpkqcg_qrcode_outputimg_226a9655e7791c019_color\" value=\"\" \/><input type=\"hidden\" id=\"wpkqcg_qrcode_outputimg_226a9655e7791c019_bgcolor\" value=\"\" \/><input type=\"hidden\" id=\"wpkqcg_qrcode_outputimg_226a9655e7791c019_content\" value=\"https:\/\/www.aede.ch\/index.php?rest_route=%2Fwp%2Fv2%2Fposts%2F3987\" \/><img src=\"\" id=\"wpkqcg_qrcode_outputimg_226a9655e7791c019\" alt=\"QR Code\" class=\"wpkqcg_qrcode\" style=\"width: auto; height: auto; max-width: 100%;\" ><div style=\"clear: none;\"><\/div><\/div><!-- END Kaya QR Code Generator -->\n","protected":false},"excerpt":{"rendered":"<p>Module de formation \u00e0 destination des professionnels: Sources cantonales VD (Paediatrica): Revue Paediatrica Sources f\u00e9d\u00e9rales: https:\/\/www.bag.admin.ch\/fr\/mesures-contre-les-mutilations-genitales-feminines https:\/\/www.egalite2030.ch\/fr\/3.1.1.5 R\u00e9seau Suisse: https:\/\/www.excision.ch\/ https:\/\/www.sante-sexuelle.ch\/en-cas-durgence\/mutilations-genitales https:\/\/www.caritas.ch\/fr\/excision\/ https:\/\/www.skmr.ch\/fr\/publications-documentations\/projekt-webseiten\/netzwerk-gegen-m%C3%A4dchenbeschneidung-schweiz.html International: https:\/\/www.unicef.ch\/fr\/votre-aide\/programmes\/la-lutte-contre-lexcision<\/p>\n","protected":false},"author":1,"featured_media":3988,"comment_status":"closed","ping_status":"closed","sticky":false,"template":"","format":"standard","meta":[],"categories":[32,51,48,50,52,49],"tags":[],"_links":{"self":[{"href":"https:\/\/www.aede.ch\/index.php?rest_route=\/wp\/v2\/posts\/3987"}],"collection":[{"href":"https:\/\/www.aede.ch\/index.php?rest_route=\/wp\/v2\/posts"}],"about":[{"href":"https:\/\/www.aede.ch\/index.php?rest_route=\/wp\/v2\/types\/post"}],"author":[{"embeddable":true,"href":"https:\/\/www.aede.ch\/index.php?rest_route=\/wp\/v2\/users\/1"}],"replies":[{"embeddable":true,"href":"https:\/\/www.aede.ch\/index.php?rest_route=%2Fwp%2Fv2%2Fcomments&post=3987"}],"version-history":[{"count":3,"href":"https:\/\/www.aede.ch\/index.php?rest_route=\/wp\/v2\/posts\/3987\/revisions"}],"predecessor-version":[{"id":3991,"href":"https:\/\/www.aede.ch\/index.php?rest_route=\/wp\/v2\/posts\/3987\/revisions\/3991"}],"wp:featuredmedia":[{"embeddable":true,"href":"https:\/\/www.aede.ch\/index.php?rest_route=\/wp\/v2\/media\/3988"}],"wp:attachment":[{"href":"https:\/\/www.aede.ch\/index.php?rest_route=%2Fwp%2Fv2%2Fmedia&parent=3987"}],"wp:term":[{"taxonomy":"category","embeddable":true,"href":"https:\/\/www.aede.ch\/index.php?rest_route=%2Fwp%2Fv2%2Fcategories&post=3987"},{"taxonomy":"post_tag","embeddable":true,"href":"https:\/\/www.aede.ch\/index.php?rest_route=%2Fwp%2Fv2%2Ftags&post=3987"}],"curies":[{"name":"wp","href":"https:\/\/api.w.org\/{rel}","templated":true}]}}