{"id":391,"date":"2021-05-19T18:37:42","date_gmt":"2021-05-19T18:37:42","guid":{"rendered":"http:\/\/www.aede.ch\/?p=391"},"modified":"2022-04-02T11:46:20","modified_gmt":"2022-04-02T11:46:20","slug":"les-ateliers-de-raisonnement-logique-arl-en-classe-de-francais-langue-dintegration-fli","status":"publish","type":"post","link":"https:\/\/www.aede.ch\/?p=391","title":{"rendered":"Les ateliers de raisonnement logique (ARL) en classe de fran\u00e7ais langue d&rsquo;int\u00e9gration (FLI)"},"content":{"rendered":"<p>Entre 2018 et 2019, je me suis form\u00e9 \u00e0 l&rsquo;IFFP \u00e0 l&rsquo;animation d&rsquo;ateliers de raisonnement logique sous la direction de Mme Tschopp-Crettaz. Ce fut l&rsquo;occasion de tenter un passage entre le d\u00e9veloppement cognitif des apprenants permis par les ARL avec l&rsquo;acquisition du fran\u00e7ais comme langue d&rsquo;int\u00e9gration et ainsi d\u00e9velopper une approche th\u00e9orique et pratique pour enseigner la grammaire g\u00e9n\u00e9rative. Depuis lors je continue \u00e0 d\u00e9velopper cette premi\u00e8re approche en la combinant de mani\u00e8re transversale \/ g\u00e9n\u00e9rative avec d&rsquo;autres champs d&rsquo;enseignement.<\/p>\n<p><code><div class=\"_df_book df-lite\" id=\"df_392\"  data-title=\"arl-mini-memoire\" _slug=\"arl-mini-memoire\" wpoptions=\"true\" thumbtype=\"bg\" ><p class=\"df-raw-loading\">Please wait while flipbook is loading. For more related info, FAQs and issues please refer to <a href=\"https:\/\/wordpress.org\/plugins\/3d-flipbook-dflip-lite\/#installation\">DearFlip WordPress Flipbook Plugin Help<\/a> documentation.<\/p><\/div><script class=\"df-shortcode-script\" type=\"application\/javascript\">window.option_df_392 = {\"outline\":[],\"forceFit\":\"true\",\"autoEnableOutline\":\"false\",\"autoEnableThumbnail\":\"false\",\"overwritePDFOutline\":\"false\",\"enableDownload\":\"false\",\"direction\":\"1\",\"pageSize\":\"0\",\"source\":\"http:\\\/\\\/www.aede.ch\\\/wp-content\\\/uploads\\\/2021\\\/05\\\/ARL-FLI.pdf\",\"wpOptions\":\"true\"}; if(window.DFLIP && window.DFLIP.parseBooks){window.DFLIP.parseBooks();}<\/script><\/code><\/p>\n<p>&nbsp;<\/p>\n","protected":false},"excerpt":{"rendered":"<p>Entre 2018 et 2019, je me suis form\u00e9 \u00e0 l&rsquo;IFFP \u00e0 l&rsquo;animation d&rsquo;ateliers de raisonnement logique sous la direction de Mme Tschopp-Crettaz. Ce fut l&rsquo;occasion de tenter un passage entre le d\u00e9veloppement cognitif des apprenants permis par les ARL avec l&rsquo;acquisition du fran\u00e7ais comme langue d&rsquo;int\u00e9gration et ainsi d\u00e9velopper une approche th\u00e9orique et pratique pour&#8230;<\/p>\n<p class=\"more-link-wrap\"><a href=\"https:\/\/www.aede.ch\/?p=391\" class=\"more-link\">Lire davantage:<span class=\"screen-reader-text\"> &ldquo;Les ateliers de raisonnement logique (ARL) en classe de fran\u00e7ais langue d&rsquo;int\u00e9gration (FLI)&rdquo;<\/span> &raquo;<\/a><\/p>\n","protected":false},"author":1,"featured_media":395,"comment_status":"closed","ping_status":"closed","sticky":false,"template":"","format":"standard","meta":[],"categories":[37,26,19],"tags":[],"_links":{"self":[{"href":"https:\/\/www.aede.ch\/index.php?rest_route=\/wp\/v2\/posts\/391"}],"collection":[{"href":"https:\/\/www.aede.ch\/index.php?rest_route=\/wp\/v2\/posts"}],"about":[{"href":"https:\/\/www.aede.ch\/index.php?rest_route=\/wp\/v2\/types\/post"}],"author":[{"embeddable":true,"href":"https:\/\/www.aede.ch\/index.php?rest_route=\/wp\/v2\/users\/1"}],"replies":[{"embeddable":true,"href":"https:\/\/www.aede.ch\/index.php?rest_route=%2Fwp%2Fv2%2Fcomments&post=391"}],"version-history":[{"count":1,"href":"https:\/\/www.aede.ch\/index.php?rest_route=\/wp\/v2\/posts\/391\/revisions"}],"predecessor-version":[{"id":396,"href":"https:\/\/www.aede.ch\/index.php?rest_route=\/wp\/v2\/posts\/391\/revisions\/396"}],"wp:featuredmedia":[{"embeddable":true,"href":"https:\/\/www.aede.ch\/index.php?rest_route=\/wp\/v2\/media\/395"}],"wp:attachment":[{"href":"https:\/\/www.aede.ch\/index.php?rest_route=%2Fwp%2Fv2%2Fmedia&parent=391"}],"wp:term":[{"taxonomy":"category","embeddable":true,"href":"https:\/\/www.aede.ch\/index.php?rest_route=%2Fwp%2Fv2%2Fcategories&post=391"},{"taxonomy":"post_tag","embeddable":true,"href":"https:\/\/www.aede.ch\/index.php?rest_route=%2Fwp%2Fv2%2Ftags&post=391"}],"curies":[{"name":"wp","href":"https:\/\/api.w.org\/{rel}","templated":true}]}}