{"id":381,"date":"2021-05-19T17:46:04","date_gmt":"2021-05-19T17:46:04","guid":{"rendered":"http:\/\/www.aede.ch\/?p=381"},"modified":"2022-04-02T11:47:37","modified_gmt":"2022-04-02T11:47:37","slug":"explicitation-pleine-conscience-et-pedagogie","status":"publish","type":"post","link":"https:\/\/www.aede.ch\/?p=381","title":{"rendered":"Explicitation: pleine conscience et andragogie"},"content":{"rendered":"<p>Entre 2019 et 2020, je me suis form\u00e9 \u00e0 l&rsquo;explicitation au sein de l&rsquo;IFFP. Ce parcours personnel, intellectuel et professionnel m&rsquo;a permis\u00a0 de reconnecter avec la ph\u00e9nom\u00e9nologie, d&rsquo;\u00e9largir ma compr\u00e9hension du m\u00e9tier, de la posture professionnelle et des tenants psycho-sociaux en jeu dans les interactions en classe comme ailleurs&#8230; Quelques traces ici:<\/p>\n<p>Mini-m\u00e9moire :<\/p>\n<p><code><div class=\"_df_book df-lite\" id=\"df_383\"  data-title=\"explicitation-mini-memoire\" _slug=\"explicitation-mini-memoire\" wpoptions=\"true\" thumbtype=\"bg\" ><p class=\"df-raw-loading\">Please wait while flipbook is loading. For more related info, FAQs and issues please refer to <a href=\"https:\/\/wordpress.org\/plugins\/3d-flipbook-dflip-lite\/#installation\">DearFlip WordPress Flipbook Plugin Help<\/a> documentation.<\/p><\/div><script class=\"df-shortcode-script\" type=\"application\/javascript\">window.option_df_383 = {\"outline\":[],\"forceFit\":\"true\",\"autoEnableOutline\":\"false\",\"autoEnableThumbnail\":\"false\",\"overwritePDFOutline\":\"false\",\"enableDownload\":\"false\",\"direction\":\"1\",\"pageSize\":\"0\",\"source\":\"http:\\\/\\\/www.aede.ch\\\/wp-content\\\/uploads\\\/2021\\\/05\\\/explicitation-anonymous.pdf\",\"wpOptions\":\"true\"}; if(window.DFLIP && window.DFLIP.parseBooks){window.DFLIP.parseBooks();}<\/script><\/code><\/p>\n<p>Portfolio d&rsquo;apprentissage (extraits):<\/p>\n<p><code><div class=\"_df_book df-lite\" id=\"df_387\"  data-title=\"explicitation-portfolio\" _slug=\"explicitation-portfolio\" wpoptions=\"true\" thumbtype=\"bg\" ><p class=\"df-raw-loading\">Please wait while flipbook is loading. For more related info, FAQs and issues please refer to <a href=\"https:\/\/wordpress.org\/plugins\/3d-flipbook-dflip-lite\/#installation\">DearFlip WordPress Flipbook Plugin Help<\/a> documentation.<\/p><\/div><script class=\"df-shortcode-script\" type=\"application\/javascript\">window.option_df_387 = {\"outline\":[],\"forceFit\":\"true\",\"autoEnableOutline\":\"false\",\"autoEnableThumbnail\":\"false\",\"overwritePDFOutline\":\"false\",\"enableDownload\":\"false\",\"direction\":\"1\",\"pageSize\":\"0\",\"source\":\"http:\\\/\\\/www.aede.ch\\\/wp-content\\\/uploads\\\/2021\\\/05\\\/EXP-Portfolio-extraits.pdf\",\"wpOptions\":\"true\"}; if(window.DFLIP && window.DFLIP.parseBooks){window.DFLIP.parseBooks();}<\/script><\/code><\/p>\n","protected":false},"excerpt":{"rendered":"<p>Entre 2019 et 2020, je me suis form\u00e9 \u00e0 l&rsquo;explicitation au sein de l&rsquo;IFFP. Ce parcours personnel, intellectuel et professionnel m&rsquo;a permis\u00a0 de reconnecter avec la ph\u00e9nom\u00e9nologie, d&rsquo;\u00e9largir ma compr\u00e9hension du m\u00e9tier, de la posture professionnelle et des tenants psycho-sociaux en jeu dans les interactions en classe comme ailleurs&#8230; Quelques traces ici: Mini-m\u00e9moire : Portfolio&#8230;<\/p>\n<p class=\"more-link-wrap\"><a href=\"https:\/\/www.aede.ch\/?p=381\" class=\"more-link\">Lire davantage:<span class=\"screen-reader-text\"> &ldquo;Explicitation: pleine conscience et andragogie&rdquo;<\/span> &raquo;<\/a><\/p>\n","protected":false},"author":1,"featured_media":382,"comment_status":"closed","ping_status":"closed","sticky":false,"template":"","format":"standard","meta":[],"categories":[37,26,19],"tags":[],"_links":{"self":[{"href":"https:\/\/www.aede.ch\/index.php?rest_route=\/wp\/v2\/posts\/381"}],"collection":[{"href":"https:\/\/www.aede.ch\/index.php?rest_route=\/wp\/v2\/posts"}],"about":[{"href":"https:\/\/www.aede.ch\/index.php?rest_route=\/wp\/v2\/types\/post"}],"author":[{"embeddable":true,"href":"https:\/\/www.aede.ch\/index.php?rest_route=\/wp\/v2\/users\/1"}],"replies":[{"embeddable":true,"href":"https:\/\/www.aede.ch\/index.php?rest_route=%2Fwp%2Fv2%2Fcomments&post=381"}],"version-history":[{"count":5,"href":"https:\/\/www.aede.ch\/index.php?rest_route=\/wp\/v2\/posts\/381\/revisions"}],"predecessor-version":[{"id":400,"href":"https:\/\/www.aede.ch\/index.php?rest_route=\/wp\/v2\/posts\/381\/revisions\/400"}],"wp:featuredmedia":[{"embeddable":true,"href":"https:\/\/www.aede.ch\/index.php?rest_route=\/wp\/v2\/media\/382"}],"wp:attachment":[{"href":"https:\/\/www.aede.ch\/index.php?rest_route=%2Fwp%2Fv2%2Fmedia&parent=381"}],"wp:term":[{"taxonomy":"category","embeddable":true,"href":"https:\/\/www.aede.ch\/index.php?rest_route=%2Fwp%2Fv2%2Fcategories&post=381"},{"taxonomy":"post_tag","embeddable":true,"href":"https:\/\/www.aede.ch\/index.php?rest_route=%2Fwp%2Fv2%2Ftags&post=381"}],"curies":[{"name":"wp","href":"https:\/\/api.w.org\/{rel}","templated":true}]}}