{"id":3805,"date":"2025-04-26T13:23:29","date_gmt":"2025-04-26T13:23:29","guid":{"rendered":"https:\/\/www.aede.ch\/?p=3805"},"modified":"2025-06-10T06:25:42","modified_gmt":"2025-06-10T06:25:42","slug":"alimentation-la-consommation-en-suisse","status":"publish","type":"post","link":"https:\/\/www.aede.ch\/?p=3805","title":{"rendered":"Alimentation: la consommation en Suisse"},"content":{"rendered":"<p>Alimentation &#8211; Statistiques suisses:<br \/>\n <div class=\"_df_book df-lite\" id=\"df_3808\"  data-title=\"alimentation-ch-stats\" _slug=\"alimentation-ch-stats\" wpoptions=\"true\" thumbtype=\"bg\" ><p class=\"df-raw-loading\">Please wait while flipbook is loading. For more related info, FAQs and issues please refer to <a href=\"https:\/\/wordpress.org\/plugins\/3d-flipbook-dflip-lite\/#installation\">DearFlip WordPress Flipbook Plugin Help<\/a> documentation.<\/p><\/div><script class=\"df-shortcode-script\" type=\"application\/javascript\">window.option_df_3808 = {\"outline\":[],\"forceFit\":\"true\",\"autoEnableOutline\":\"false\",\"autoEnableThumbnail\":\"false\",\"overwritePDFOutline\":\"false\",\"direction\":\"1\",\"pageSize\":\"0\",\"source\":\"https:\\\/\\\/www.aede.ch\\\/wp-content\\\/uploads\\\/2025\\\/04\\\/Alimentation-statistiques-de-consommation.pdf\",\"wpOptions\":\"true\"}; if(window.DFLIP && window.DFLIP.parseBooks){window.DFLIP.parseBooks();}<\/script> <\/p>\n<p>L&rsquo;index des prix \u00e0 la consommation:<\/p>\n<p>RTS, On en parle, le 3 janvier 2022:<\/p>\n<!--[if lt IE 9]><script>document.createElement('audio');<\/script><![endif]-->\n<audio class=\"wp-audio-shortcode\" id=\"audio-3805-1\" preload=\"none\" style=\"width: 100%;\" controls=\"controls\"><source type=\"audio\/mpeg\" src=\"https:\/\/www.aede.ch\/wp-content\/uploads\/2025\/04\/S-rie-budget-des-m-nages-1-5-volution-du-budget-du-panier-des-m-nages.mp3?_=1\" \/><a href=\"https:\/\/www.aede.ch\/wp-content\/uploads\/2025\/04\/S-rie-budget-des-m-nages-1-5-volution-du-budget-du-panier-des-m-nages.mp3\">https:\/\/www.aede.ch\/wp-content\/uploads\/2025\/04\/S-rie-budget-des-m-nages-1-5-volution-du-budget-du-panier-des-m-nages.mp3<\/a><\/audio>\n<p>RTS Archives, l&rsquo;index des prix \u00e0 la consommation expliqu\u00e9, 31 mai 1969:<\/p>\n<p><iframe loading=\"lazy\" width=\"100%\" height=\"450\" src=\"https:\/\/www.rts.ch\/play\/embed?urn=urn:rts:video:13220425&#038;subdivisions=false\" allowfullscreen allow=\"geolocation *; autoplay; encrypted-media\"><\/iframe>&nbsp;<\/p>\n<p>Sources:<br \/>\n<a href=\"https:\/\/www.rts.ch\/audio-podcast\/2022\/audio\/serie-budget-des-menages-1-5-evolution-du-budget-du-panier-des-menages-25790593.html\" rel=\"noopener\" target=\"_blank\">RTS<\/a><\/p>\n","protected":false},"excerpt":{"rendered":"<p>Alimentation &#8211; Statistiques suisses: L&rsquo;index des prix \u00e0 la consommation: RTS, On en parle, le 3 janvier 2022: RTS Archives, l&rsquo;index des prix \u00e0 la consommation expliqu\u00e9, 31 mai 1969: &nbsp; Sources: RTS<\/p>\n","protected":false},"author":1,"featured_media":3811,"comment_status":"closed","ping_status":"closed","sticky":false,"template":"","format":"standard","meta":[],"categories":[35,17,29,14,32,12,55,45,47,50],"tags":[],"_links":{"self":[{"href":"https:\/\/www.aede.ch\/index.php?rest_route=\/wp\/v2\/posts\/3805"}],"collection":[{"href":"https:\/\/www.aede.ch\/index.php?rest_route=\/wp\/v2\/posts"}],"about":[{"href":"https:\/\/www.aede.ch\/index.php?rest_route=\/wp\/v2\/types\/post"}],"author":[{"embeddable":true,"href":"https:\/\/www.aede.ch\/index.php?rest_route=\/wp\/v2\/users\/1"}],"replies":[{"embeddable":true,"href":"https:\/\/www.aede.ch\/index.php?rest_route=%2Fwp%2Fv2%2Fcomments&post=3805"}],"version-history":[{"count":1,"href":"https:\/\/www.aede.ch\/index.php?rest_route=\/wp\/v2\/posts\/3805\/revisions"}],"predecessor-version":[{"id":3812,"href":"https:\/\/www.aede.ch\/index.php?rest_route=\/wp\/v2\/posts\/3805\/revisions\/3812"}],"wp:featuredmedia":[{"embeddable":true,"href":"https:\/\/www.aede.ch\/index.php?rest_route=\/wp\/v2\/media\/3811"}],"wp:attachment":[{"href":"https:\/\/www.aede.ch\/index.php?rest_route=%2Fwp%2Fv2%2Fmedia&parent=3805"}],"wp:term":[{"taxonomy":"category","embeddable":true,"href":"https:\/\/www.aede.ch\/index.php?rest_route=%2Fwp%2Fv2%2Fcategories&post=3805"},{"taxonomy":"post_tag","embeddable":true,"href":"https:\/\/www.aede.ch\/index.php?rest_route=%2Fwp%2Fv2%2Ftags&post=3805"}],"curies":[{"name":"wp","href":"https:\/\/api.w.org\/{rel}","templated":true}]}}