{"id":3779,"date":"2025-04-22T16:40:55","date_gmt":"2025-04-22T16:40:55","guid":{"rendered":"https:\/\/www.aede.ch\/?p=3779"},"modified":"2025-06-10T06:25:53","modified_gmt":"2025-06-10T06:25:53","slug":"politique-la-souverainete-alimentaire","status":"publish","type":"post","link":"https:\/\/www.aede.ch\/?p=3779","title":{"rendered":"Politique: la souverainet\u00e9 alimentaire"},"content":{"rendered":"<p>Initiative populaire (Votation f\u00e9d\u00e9rale Septembre 2018):<br \/>\n<iframe loading=\"lazy\" title=\"YouTube video player\" src=\"https:\/\/www.youtube.com\/embed\/RMTM1zTSPHo?si=d70QhZeVB5kzZQSU\" width=\"500\" height=\"400\" frameborder=\"0\" allowfullscreen=\"allowfullscreen\"><\/iframe><\/p>\n<p>Feuillet d&rsquo;information de la Conf\u00e9d\u00e9ration en vue de la votation:<\/p>\n<div id=\"dflip-tab-content-normal\" class=\"dflip-tab-content dflip-active\"><code><div class=\"_df_book df-lite\" id=\"df_3785\"  data-title=\"souverainete-alimentaire-ch-2018\" _slug=\"souverainete-alimentaire-ch-2018\" wpoptions=\"true\" thumbtype=\"bg\" ><p class=\"df-raw-loading\">Please wait while flipbook is loading. For more related info, FAQs and issues please refer to <a href=\"https:\/\/wordpress.org\/plugins\/3d-flipbook-dflip-lite\/#installation\">DearFlip WordPress Flipbook Plugin Help<\/a> documentation.<\/p><\/div><script class=\"df-shortcode-script\" type=\"application\/javascript\">window.option_df_3785 = {\"outline\":[],\"forceFit\":\"true\",\"autoEnableOutline\":\"false\",\"autoEnableThumbnail\":\"false\",\"overwritePDFOutline\":\"false\",\"direction\":\"1\",\"pageSize\":\"0\",\"source\":\"https:\\\/\\\/www.aede.ch\\\/wp-content\\\/uploads\\\/2025\\\/04\\\/Feuillet-votation-2018-Souverainete\\u0301-alimentaire.pdf\",\"wpOptions\":\"true\"}; if(window.DFLIP && window.DFLIP.parseBooks){window.DFLIP.parseBooks();}<\/script><\/code><\/div>\n<p>R\u00e9sultats de la votation:<br \/>\n<img loading=\"lazy\" class=\"aligncenter wp-image-3781 size-large\" src=\"https:\/\/www.aede.ch\/wp-content\/uploads\/2025\/04\/Re\u0301sultats-de-la-votation-Souverainete\u0301-alimentaire-Confe\u0301de\u0301ration-2018-1024x640.png\" alt=\"\" width=\"650\" height=\"406\" srcset=\"https:\/\/www.aede.ch\/wp-content\/uploads\/2025\/04\/Re\u0301sultats-de-la-votation-Souverainete\u0301-alimentaire-Confe\u0301de\u0301ration-2018-1024x640.png 1024w, https:\/\/www.aede.ch\/wp-content\/uploads\/2025\/04\/Re\u0301sultats-de-la-votation-Souverainete\u0301-alimentaire-Confe\u0301de\u0301ration-2018-300x188.png 300w, https:\/\/www.aede.ch\/wp-content\/uploads\/2025\/04\/Re\u0301sultats-de-la-votation-Souverainete\u0301-alimentaire-Confe\u0301de\u0301ration-2018-768x480.png 768w, https:\/\/www.aede.ch\/wp-content\/uploads\/2025\/04\/Re\u0301sultats-de-la-votation-Souverainete\u0301-alimentaire-Confe\u0301de\u0301ration-2018-1536x960.png 1536w, https:\/\/www.aede.ch\/wp-content\/uploads\/2025\/04\/Re\u0301sultats-de-la-votation-Souverainete\u0301-alimentaire-Confe\u0301de\u0301ration-2018-2048x1280.png 2048w\" sizes=\"(max-width: 650px) 100vw, 650px\" \/><\/p>\n<p>Grand Conseil du Canton de Vaud (2024):<br \/>\nSouverainet\u00e9 alimentaire vaudoise : pour une agriculture \u00e9cologique, \u00e9quitable et solidaire<\/p>\n<div id=\"dflip-tab-content-normal\" class=\"dflip-tab-content dflip-active\"><code><div class=\"_df_book df-lite\" id=\"df_3780\"  data-title=\"souverainete-alimentaire-vd-2024-initiative\" _slug=\"souverainete-alimentaire-vd-2024-initiative\" wpoptions=\"true\" thumbtype=\"bg\" ><p class=\"df-raw-loading\">Please wait while flipbook is loading. For more related info, FAQs and issues please refer to <a href=\"https:\/\/wordpress.org\/plugins\/3d-flipbook-dflip-lite\/#installation\">DearFlip WordPress Flipbook Plugin Help<\/a> documentation.<\/p><\/div><script class=\"df-shortcode-script\" type=\"application\/javascript\">window.option_df_3780 = {\"outline\":[],\"forceFit\":\"true\",\"autoEnableOutline\":\"false\",\"autoEnableThumbnail\":\"false\",\"overwritePDFOutline\":\"false\",\"direction\":\"1\",\"pageSize\":\"0\",\"source\":\"https:\\\/\\\/www.aede.ch\\\/wp-content\\\/uploads\\\/2025\\\/04\\\/IntPar-24_INI_5-Texte-de\\u0301pose\\u0301.pdf\",\"wpOptions\":\"true\"}; if(window.DFLIP && window.DFLIP.parseBooks){window.DFLIP.parseBooks();}<\/script><\/code><\/div>\n<div><\/div>\n<div>\n<div><code id=\"wpkqcg_shortcode_generator_display\"><!-- START Kaya QR Code Generator --><div class=\"wpkqcg_qrcode_wrapper\"><input type=\"hidden\" id=\"wpkqcg_qrcode_outputimg_836a97c2e9010b120_ecclevel\" value=\"L\" \/><input type=\"hidden\" id=\"wpkqcg_qrcode_outputimg_836a97c2e9010b120_size\" value=\"\" \/><input type=\"hidden\" id=\"wpkqcg_qrcode_outputimg_836a97c2e9010b120_color\" value=\"\" \/><input type=\"hidden\" id=\"wpkqcg_qrcode_outputimg_836a97c2e9010b120_bgcolor\" value=\"\" \/><input type=\"hidden\" id=\"wpkqcg_qrcode_outputimg_836a97c2e9010b120_content\" value=\"https:\/\/www.aede.ch\/index.php?rest_route=%2Fwp%2Fv2%2Fposts%2F3779\" \/><img src=\"\" id=\"wpkqcg_qrcode_outputimg_836a97c2e9010b120\" alt=\"QR Code\" class=\"wpkqcg_qrcode\" style=\"width: auto; height: auto; max-width: 100%;\" ><div style=\"clear: none;\"><\/div><\/div><!-- END Kaya QR Code Generator --><\/code><\/div>\n<\/div>\n","protected":false},"excerpt":{"rendered":"<p>Initiative populaire (Votation f\u00e9d\u00e9rale Septembre 2018): Feuillet d&rsquo;information de la Conf\u00e9d\u00e9ration en vue de la votation: R\u00e9sultats de la votation: Grand Conseil du Canton de Vaud (2024): Souverainet\u00e9 alimentaire vaudoise : pour une agriculture \u00e9cologique, \u00e9quitable et solidaire<\/p>\n","protected":false},"author":1,"featured_media":3782,"comment_status":"closed","ping_status":"closed","sticky":false,"template":"","format":"standard","meta":[],"categories":[17,29,14,32,12,55,47,13,49],"tags":[],"_links":{"self":[{"href":"https:\/\/www.aede.ch\/index.php?rest_route=\/wp\/v2\/posts\/3779"}],"collection":[{"href":"https:\/\/www.aede.ch\/index.php?rest_route=\/wp\/v2\/posts"}],"about":[{"href":"https:\/\/www.aede.ch\/index.php?rest_route=\/wp\/v2\/types\/post"}],"author":[{"embeddable":true,"href":"https:\/\/www.aede.ch\/index.php?rest_route=\/wp\/v2\/users\/1"}],"replies":[{"embeddable":true,"href":"https:\/\/www.aede.ch\/index.php?rest_route=%2Fwp%2Fv2%2Fcomments&post=3779"}],"version-history":[{"count":2,"href":"https:\/\/www.aede.ch\/index.php?rest_route=\/wp\/v2\/posts\/3779\/revisions"}],"predecessor-version":[{"id":3848,"href":"https:\/\/www.aede.ch\/index.php?rest_route=\/wp\/v2\/posts\/3779\/revisions\/3848"}],"wp:featuredmedia":[{"embeddable":true,"href":"https:\/\/www.aede.ch\/index.php?rest_route=\/wp\/v2\/media\/3782"}],"wp:attachment":[{"href":"https:\/\/www.aede.ch\/index.php?rest_route=%2Fwp%2Fv2%2Fmedia&parent=3779"}],"wp:term":[{"taxonomy":"category","embeddable":true,"href":"https:\/\/www.aede.ch\/index.php?rest_route=%2Fwp%2Fv2%2Fcategories&post=3779"},{"taxonomy":"post_tag","embeddable":true,"href":"https:\/\/www.aede.ch\/index.php?rest_route=%2Fwp%2Fv2%2Ftags&post=3779"}],"curies":[{"name":"wp","href":"https:\/\/api.w.org\/{rel}","templated":true}]}}