{"id":3758,"date":"2025-04-22T15:39:36","date_gmt":"2025-04-22T15:39:36","guid":{"rendered":"https:\/\/www.aede.ch\/?p=3758"},"modified":"2025-06-10T06:26:02","modified_gmt":"2025-06-10T06:26:02","slug":"alimentation-lagriculture-contractuelle-de-proximite","status":"publish","type":"post","link":"https:\/\/www.aede.ch\/?p=3758","title":{"rendered":"Alimentation: l&rsquo;agriculture contractuelle de proximit\u00e9"},"content":{"rendered":"<p>Qu&rsquo;est-ce l&rsquo;agriculture de proximit\u00e9 (ACP):<br \/>\nRTS &#8211; C\u00f4t\u00e9 jardin (10 Septembre 2023):<\/p>\n<!--[if lt IE 9]><script>document.createElement('audio');<\/script><![endif]-->\n<audio class=\"wp-audio-shortcode\" id=\"audio-3758-1\" preload=\"none\" style=\"width: 100%;\" controls=\"controls\"><source type=\"audio\/mpeg\" src=\"https:\/\/www.aede.ch\/wp-content\/uploads\/2025\/04\/L-ACP-agriculture-contractuelle-de-proximit-.mp3?_=1\" \/><a href=\"https:\/\/www.aede.ch\/wp-content\/uploads\/2025\/04\/L-ACP-agriculture-contractuelle-de-proximit-.mp3\">https:\/\/www.aede.ch\/wp-content\/uploads\/2025\/04\/L-ACP-agriculture-contractuelle-de-proximit-.mp3<\/a><\/audio>\n<p>Presse:<br \/>\nAgri Hebdo:<br \/>\n<div class=\"_df_book df-lite\" id=\"df_3759\"  data-title=\"presse-acp\" _slug=\"presse-acp\" wpoptions=\"true\" thumbtype=\"bg\" ><p class=\"df-raw-loading\">Please wait while flipbook is loading. For more related info, FAQs and issues please refer to <a href=\"https:\/\/wordpress.org\/plugins\/3d-flipbook-dflip-lite\/#installation\">DearFlip WordPress Flipbook Plugin Help<\/a> documentation.<\/p><\/div><script class=\"df-shortcode-script\" type=\"application\/javascript\">window.option_df_3759 = {\"outline\":[],\"forceFit\":\"true\",\"autoEnableOutline\":\"false\",\"autoEnableThumbnail\":\"false\",\"overwritePDFOutline\":\"false\",\"direction\":\"1\",\"pageSize\":\"0\",\"source\":\"https:\\\/\\\/www.aede.ch\\\/wp-content\\\/uploads\\\/2025\\\/04\\\/Agriculture-Contractuelle-Proximite\\u0301.pdf\",\"wpOptions\":\"true\"}; if(window.DFLIP && window.DFLIP.parseBooks){window.DFLIP.parseBooks();}<\/script><\/p>\n<p>La R\u00e9gion (Journal local du Nord-Vaudois):<br \/>\n<div class=\"_df_book df-lite\" id=\"df_3765\"  data-title=\"presse-la-region-acp\" _slug=\"presse-la-region-acp\" wpoptions=\"true\" thumbtype=\"bg\" ><p class=\"df-raw-loading\">Please wait while flipbook is loading. For more related info, FAQs and issues please refer to <a href=\"https:\/\/wordpress.org\/plugins\/3d-flipbook-dflip-lite\/#installation\">DearFlip WordPress Flipbook Plugin Help<\/a> documentation.<\/p><\/div><script class=\"df-shortcode-script\" type=\"application\/javascript\">window.option_df_3765 = {\"outline\":[],\"forceFit\":\"true\",\"autoEnableOutline\":\"false\",\"autoEnableThumbnail\":\"false\",\"overwritePDFOutline\":\"false\",\"direction\":\"1\",\"pageSize\":\"0\",\"source\":\"https:\\\/\\\/www.aede.ch\\\/wp-content\\\/uploads\\\/2025\\\/04\\\/Lagriculture-contractuelle_-une-arme-contre-le-gaspillage-La-Re\\u0301gion.pdf\",\"wpOptions\":\"true\"}; if(window.DFLIP && window.DFLIP.parseBooks){window.DFLIP.parseBooks();}<\/script><\/p>\n<p>Le Courrier:<br \/>\n<div class=\"_df_book df-lite\" id=\"df_3774\"  data-title=\"courrier-acp\" _slug=\"courrier-acp\" wpoptions=\"true\" thumbtype=\"bg\" ><p class=\"df-raw-loading\">Please wait while flipbook is loading. For more related info, FAQs and issues please refer to <a href=\"https:\/\/wordpress.org\/plugins\/3d-flipbook-dflip-lite\/#installation\">DearFlip WordPress Flipbook Plugin Help<\/a> documentation.<\/p><\/div><script class=\"df-shortcode-script\" type=\"application\/javascript\">window.option_df_3774 = {\"outline\":[],\"forceFit\":\"true\",\"autoEnableOutline\":\"false\",\"autoEnableThumbnail\":\"false\",\"overwritePDFOutline\":\"false\",\"direction\":\"1\",\"pageSize\":\"0\",\"source\":\"https:\\\/\\\/www.aede.ch\\\/wp-content\\\/uploads\\\/2025\\\/04\\\/Courrier-2023-ACP-GE-Cocagne.pdf\",\"wpOptions\":\"true\"}; if(window.DFLIP && window.DFLIP.parseBooks){window.DFLIP.parseBooks();}<\/script><\/p>\n<p>&#8212;<\/p>\n<p>Charte de la f\u00e9d\u00e9ration romande pour l&rsquo;agriculture contractuelle de proximit\u00e9 (FRACP):<br \/>\n<div class=\"_df_book df-lite\" id=\"df_3762\"  data-title=\"charte-fracp\" _slug=\"charte-fracp\" wpoptions=\"true\" thumbtype=\"bg\" ><p class=\"df-raw-loading\">Please wait while flipbook is loading. For more related info, FAQs and issues please refer to <a href=\"https:\/\/wordpress.org\/plugins\/3d-flipbook-dflip-lite\/#installation\">DearFlip WordPress Flipbook Plugin Help<\/a> documentation.<\/p><\/div><script class=\"df-shortcode-script\" type=\"application\/javascript\">window.option_df_3762 = {\"outline\":[],\"forceFit\":\"true\",\"autoEnableOutline\":\"false\",\"autoEnableThumbnail\":\"false\",\"overwritePDFOutline\":\"false\",\"direction\":\"1\",\"pageSize\":\"0\",\"source\":\"https:\\\/\\\/www.aede.ch\\\/wp-content\\\/uploads\\\/2025\\\/04\\\/charte_fracp.pdf\",\"wpOptions\":\"true\"}; if(window.DFLIP && window.DFLIP.parseBooks){window.DFLIP.parseBooks();}<\/script><\/p>\n<p>Politique cantonale de subventionnement pour les circuits courts (Producteurs vers consommateurs):<br \/>\n<div class=\"_df_book df-lite\" id=\"df_3771\"  data-title=\"politique-vd-de-subventionnement-agricole\" _slug=\"politique-vd-de-subventionnement-agricole\" wpoptions=\"true\" thumbtype=\"bg\" ><p class=\"df-raw-loading\">Please wait while flipbook is loading. For more related info, FAQs and issues please refer to <a href=\"https:\/\/wordpress.org\/plugins\/3d-flipbook-dflip-lite\/#installation\">DearFlip WordPress Flipbook Plugin Help<\/a> documentation.<\/p><\/div><script class=\"df-shortcode-script\" type=\"application\/javascript\">window.option_df_3771 = {\"outline\":[],\"forceFit\":\"true\",\"autoEnableOutline\":\"false\",\"autoEnableThumbnail\":\"false\",\"overwritePDFOutline\":\"false\",\"direction\":\"1\",\"pageSize\":\"0\",\"source\":\"https:\\\/\\\/www.aede.ch\\\/wp-content\\\/uploads\\\/2025\\\/04\\\/POLITIQUE-VD-AGRI-GUIDE-SUB_20190722_guide-utilisation-promo.pdf\",\"wpOptions\":\"true\"}; if(window.DFLIP && window.DFLIP.parseBooks){window.DFLIP.parseBooks();}<\/script><\/p>\n<p>Sources:<br \/>\n<a href=\"https:\/\/www.rts.ch\/audio-podcast\/2023\/audio\/l-acp-agriculture-contractuelle-de-proximite-26167766.html\" target=\"_blank\" rel=\"noopener\">https:\/\/www.rts.ch\/audio-podcast\/2023\/audio\/l-acp-agriculture-contractuelle-de-proximite-26167766.html <\/a><\/p>\n<p>La f\u00e9d\u00e9ration romande pour l&rsquo;agriculture contractuelle de proximit\u00e9 (FRACP, paniers aupr\u00e8s des producteurs):<br \/>\n<a href=\"https:\/\/www.fracp.ch\/acps\" target=\"_blank\" rel=\"noopener\">https:\/\/www.fracp.ch\/acps<\/a><br \/>\n<a href=\"https:\/\/agriheabdo.ch\" rel=\"noopener\" target=\"_blank\">Agri Hebdo:<\/a><br \/>\n<a href=\"https:\/\/laregion.ch\" rel=\"noopener\" target=\"_blank\">La R\u00e9gion<\/a><br \/>\n<a href=\"https:\/\/lecourrier.ch\" rel=\"noopener\" target=\"_blank\">Le courrier<\/a><\/p>\n<!-- START Kaya QR Code Generator --><div class=\"wpkqcg_qrcode_wrapper\"><input type=\"hidden\" id=\"wpkqcg_qrcode_outputimg_976a966044f36b395_ecclevel\" value=\"L\" \/><input type=\"hidden\" id=\"wpkqcg_qrcode_outputimg_976a966044f36b395_size\" value=\"\" \/><input type=\"hidden\" id=\"wpkqcg_qrcode_outputimg_976a966044f36b395_color\" value=\"\" \/><input type=\"hidden\" id=\"wpkqcg_qrcode_outputimg_976a966044f36b395_bgcolor\" value=\"\" \/><input type=\"hidden\" id=\"wpkqcg_qrcode_outputimg_976a966044f36b395_content\" value=\"https:\/\/www.aede.ch\/index.php?rest_route=%2Fwp%2Fv2%2Fposts%2F3758\" \/><img src=\"\" id=\"wpkqcg_qrcode_outputimg_976a966044f36b395\" alt=\"QR Code\" class=\"wpkqcg_qrcode\" style=\"width: auto; height: auto; max-width: 100%;\" ><div style=\"clear: none;\"><\/div><\/div><!-- END Kaya QR Code Generator -->\n","protected":false},"excerpt":{"rendered":"<p>Qu&rsquo;est-ce l&rsquo;agriculture de proximit\u00e9 (ACP): RTS &#8211; C\u00f4t\u00e9 jardin (10 Septembre 2023): Presse: Agri Hebdo: La R\u00e9gion (Journal local du Nord-Vaudois): Le Courrier: &#8212; Charte de la f\u00e9d\u00e9ration romande pour l&rsquo;agriculture contractuelle de proximit\u00e9 (FRACP): Politique cantonale de subventionnement pour les circuits courts (Producteurs vers consommateurs): Sources: https:\/\/www.rts.ch\/audio-podcast\/2023\/audio\/l-acp-agriculture-contractuelle-de-proximite-26167766.html La f\u00e9d\u00e9ration romande pour l&rsquo;agriculture contractuelle de&#8230;<\/p>\n<p class=\"more-link-wrap\"><a href=\"https:\/\/www.aede.ch\/?p=3758\" class=\"more-link\">Lire davantage:<span class=\"screen-reader-text\"> &ldquo;Alimentation: l&rsquo;agriculture contractuelle de proximit\u00e9&rdquo;<\/span> &raquo;<\/a><\/p>\n","protected":false},"author":1,"featured_media":3777,"comment_status":"closed","ping_status":"closed","sticky":false,"template":"","format":"standard","meta":[],"categories":[35,32,23,48,55,45,47,50,49],"tags":[],"_links":{"self":[{"href":"https:\/\/www.aede.ch\/index.php?rest_route=\/wp\/v2\/posts\/3758"}],"collection":[{"href":"https:\/\/www.aede.ch\/index.php?rest_route=\/wp\/v2\/posts"}],"about":[{"href":"https:\/\/www.aede.ch\/index.php?rest_route=\/wp\/v2\/types\/post"}],"author":[{"embeddable":true,"href":"https:\/\/www.aede.ch\/index.php?rest_route=\/wp\/v2\/users\/1"}],"replies":[{"embeddable":true,"href":"https:\/\/www.aede.ch\/index.php?rest_route=%2Fwp%2Fv2%2Fcomments&post=3758"}],"version-history":[{"count":3,"href":"https:\/\/www.aede.ch\/index.php?rest_route=\/wp\/v2\/posts\/3758\/revisions"}],"predecessor-version":[{"id":3790,"href":"https:\/\/www.aede.ch\/index.php?rest_route=\/wp\/v2\/posts\/3758\/revisions\/3790"}],"wp:featuredmedia":[{"embeddable":true,"href":"https:\/\/www.aede.ch\/index.php?rest_route=\/wp\/v2\/media\/3777"}],"wp:attachment":[{"href":"https:\/\/www.aede.ch\/index.php?rest_route=%2Fwp%2Fv2%2Fmedia&parent=3758"}],"wp:term":[{"taxonomy":"category","embeddable":true,"href":"https:\/\/www.aede.ch\/index.php?rest_route=%2Fwp%2Fv2%2Fcategories&post=3758"},{"taxonomy":"post_tag","embeddable":true,"href":"https:\/\/www.aede.ch\/index.php?rest_route=%2Fwp%2Fv2%2Ftags&post=3758"}],"curies":[{"name":"wp","href":"https:\/\/api.w.org\/{rel}","templated":true}]}}