{"id":365,"date":"2021-05-18T10:45:18","date_gmt":"2021-05-18T10:45:18","guid":{"rendered":"http:\/\/www.aede.ch\/?p=365"},"modified":"2021-12-24T13:32:10","modified_gmt":"2021-12-24T13:32:10","slug":"ontologie-de-lenseignement-pistes-de-reflexion","status":"publish","type":"post","link":"https:\/\/www.aede.ch\/?p=365","title":{"rendered":"Contexte(s) de la formation\/enseignement: pistes de r\u00e9flexion"},"content":{"rendered":"<p><a href=\"https:\/\/www.vd.ch\/themes\/formation\/espace-pour-les-enseignantes-et-les-enseignants\/etre-une-ou-un-enseignant-en-activite\/\" target=\"_blank\" rel=\"noopener noreferrer\">Enseigner dans le Canton de Vaud:<\/a><\/p>\n<p><a href=\"https:\/\/www.ge.ch\/legislation\/rsg\/f\/s\/rsg_B5_10p04.html\">Enseigner dans le Canton de Gen\u00e8ve:<\/a><\/p>\n<p><a href=\"https:\/\/www.spval.ch\/documents-divers\/2020-brochure-fr-web.pdf\">Enseigner dans le Canton du Valais:<\/a><\/p>\n<p><strong>Lois:<\/strong><\/p>\n<table>\n<thead>\n<tr>\n<th colspan=\"2\">La formation professionnelle: loi suisse<\/th>\n<\/tr>\n<\/thead>\n<tbody>\n<tr>\n<td><div class=\"_df_thumb \" id=\"df_522\"  data-title=\"lois-enseignement-pro-1\" _slug=\"lois-enseignement-pro-1\" wpoptions=\"true\" thumbtype=\"bg\" >Lois Enseignement Pro 1<\/div><script class=\"df-shortcode-script\" type=\"application\/javascript\">window.option_df_522 = {\"outline\":[],\"forceFit\":\"true\",\"autoEnableOutline\":\"false\",\"autoEnableThumbnail\":\"false\",\"overwritePDFOutline\":\"false\",\"direction\":\"1\",\"pageSize\":\"0\",\"source\":\"http:\\\/\\\/www.aede.ch\\\/wp-content\\\/uploads\\\/2021\\\/10\\\/fedlex-data-admin-ch-eli-cc-2003-674-20190101-fr-pdf-a.pdf\",\"wpOptions\":\"true\"}; if(window.DFLIP && window.DFLIP.parseBooks){window.DFLIP.parseBooks();}<\/script><\/td>\n<td><div class=\"_df_thumb \" id=\"df_525\"  data-title=\"lois-enseignement-pro-2\" _slug=\"lois-enseignement-pro-2\" wpoptions=\"true\" thumbtype=\"bg\" >Lois Enseignement Pro 2<\/div><script class=\"df-shortcode-script\" type=\"application\/javascript\">window.option_df_525 = {\"outline\":[],\"forceFit\":\"true\",\"autoEnableOutline\":\"false\",\"autoEnableThumbnail\":\"false\",\"overwritePDFOutline\":\"false\",\"direction\":\"1\",\"pageSize\":\"0\",\"source\":\"http:\\\/\\\/www.aede.ch\\\/wp-content\\\/uploads\\\/2021\\\/10\\\/fedlex-data-admin-ch-eli-cc-2003-748-20210208-fr-pdf-a-2.pdf\",\"wpOptions\":\"true\"}; if(window.DFLIP && window.DFLIP.parseBooks){window.DFLIP.parseBooks();}<\/script><\/td>\n<\/tr>\n<\/tbody>\n<\/table>\n<p>&nbsp;<\/p>\n<table>\n<thead>\n<tr>\n<th colspan=\"2\"><em>Formation continue, loi suisse:<\/em><\/th>\n<\/tr>\n<\/thead>\n<tbody>\n<tr>\n<td><div class=\"_df_thumb \" id=\"df_528\"  data-title=\"loi-formation-continue\" _slug=\"loi-formation-continue\" wpoptions=\"true\" thumbtype=\"bg\" >Loi formation continue<\/div><script class=\"df-shortcode-script\" type=\"application\/javascript\">window.option_df_528 = {\"outline\":[],\"forceFit\":\"true\",\"autoEnableOutline\":\"false\",\"autoEnableThumbnail\":\"false\",\"overwritePDFOutline\":\"false\",\"direction\":\"1\",\"pageSize\":\"0\",\"source\":\"http:\\\/\\\/www.aede.ch\\\/wp-content\\\/uploads\\\/2021\\\/10\\\/fedlex-data-admin-ch-eli-cc-2016-132-20170101-fr-pdf-a.pdf\",\"wpOptions\":\"true\"}; if(window.DFLIP && window.DFLIP.parseBooks){window.DFLIP.parseBooks();}<\/script><\/td>\n<td><\/td>\n<\/tr>\n<\/tbody>\n<\/table>\n<p>&nbsp;<\/p>\n<p><strong>Conditions de travail:<\/strong><\/p>\n<table>\n<thead>\n<tr>\n<th colspan=\"3\">La formation d&rsquo;adultes en Suisse:<\/th>\n<\/tr>\n<\/thead>\n<tbody>\n<tr>\n<td><em>Unia d\u00e9nonce le dumping des conditions de travail<\/em><br \/>\n<div class=\"_df_thumb \" id=\"df_532\"  data-title=\"unia-dumping-salarial-dans-la-formation\" _slug=\"unia-dumping-salarial-dans-la-formation\" wpoptions=\"true\" thumbtype=\"bg\" >UNIA: dumping salarial dans la formation<\/div><script class=\"df-shortcode-script\" type=\"application\/javascript\">window.option_df_532 = {\"outline\":[],\"forceFit\":\"true\",\"autoEnableOutline\":\"false\",\"autoEnableThumbnail\":\"false\",\"overwritePDFOutline\":\"false\",\"direction\":\"1\",\"pageSize\":\"0\",\"source\":\"http:\\\/\\\/www.aede.ch\\\/wp-content\\\/uploads\\\/2021\\\/10\\\/UNIA-Dumping-dans-la-formation-continue.pdf\",\"wpOptions\":\"true\"}; if(window.DFLIP && window.DFLIP.parseBooks){window.DFLIP.parseBooks();}<\/script><\/td>\n<td><em>Prise de position commune de UNIA et de la FSEA<\/em><br \/>\n<div class=\"_df_thumb \" id=\"df_535\"  data-title=\"\" _slug=\"535\" wpoptions=\"true\" thumbtype=\"bg\" >Open Book<\/div><script class=\"df-shortcode-script\" type=\"application\/javascript\">window.option_df_535 = {\"outline\":[],\"forceFit\":\"true\",\"autoEnableOutline\":\"false\",\"autoEnableThumbnail\":\"false\",\"overwritePDFOutline\":\"false\",\"direction\":\"1\",\"pageSize\":\"0\",\"source\":\"http:\\\/\\\/www.aede.ch\\\/wp-content\\\/uploads\\\/2021\\\/10\\\/UNIA-FSEA-prise-de-position-commune.pdf\",\"wpOptions\":\"true\"}; if(window.DFLIP && window.DFLIP.parseBooks){window.DFLIP.parseBooks();}<\/script><\/td>\n<td>Conclusions de l&rsquo;enqu\u00eate UNIA-FSEA sur les conditions de travail des formateur.e.s d&rsquo;adultes en Suisse (mars 2021):<br \/>\n<div class=\"_df_thumb \" id=\"df_539\"  data-title=\"unia-fsea-conclusions-de-lenquete\" _slug=\"unia-fsea-conclusions-de-lenquete\" wpoptions=\"true\" thumbtype=\"bg\" >UNIA-FSEA: conclusions de l&rsquo;enqu\u00eate<\/div><script class=\"df-shortcode-script\" type=\"application\/javascript\">window.option_df_539 = {\"outline\":[],\"forceFit\":\"true\",\"autoEnableOutline\":\"false\",\"autoEnableThumbnail\":\"false\",\"overwritePDFOutline\":\"false\",\"direction\":\"1\",\"pageSize\":\"0\",\"source\":\"http:\\\/\\\/www.aede.ch\\\/wp-content\\\/uploads\\\/2021\\\/10\\\/BASS-UNIA-conclusions-de-le\\u0301tude.pdf\",\"wpOptions\":\"true\"}; if(window.DFLIP && window.DFLIP.parseBooks){window.DFLIP.parseBooks();}<\/script><\/td>\n<\/tr>\n<\/tbody>\n<\/table>\n<p>&nbsp;<\/p>\n<p><strong>La pr\u00e9carisation et d\u00e9qualification du m\u00e9tier: enjeux entre local et global<\/strong><\/p>\n<ul>\n<li><a href=\"https:\/\/www.oecd.org\/fr\/education\/regards-sur-education\/\">Regards sur l&rsquo;\u00e9ducation en 2021: rapport de l&rsquo;OCDE<\/a><\/li>\n<li><a href=\"file:\/\/\/Users\/aede\/Downloads\/EC0221059ENN.en.pdf\">Enseignants en Europe, rapport de la commission europ\u00e9enne (2020)<\/a><\/li>\n<li><a href=\"https:\/\/edudoc.ch\/record\/102375\/files\/prismes-numero-14-2011-hep-vaud.pdf\">Prismes (HEP): Le m\u00e9tier d&rsquo;enseignant&#8230; une profession<\/a><\/li>\n<li><a href=\"https:\/\/www.24heures.ch\/signatures\/reflexions\/precarisation-travail-enseignant\/story\/30738673\">24Heures: <span class=\"ContentHead_text__NId_w\">Non \u00e0 la pr\u00e9carisation du travail enseignant! (2019)<\/span><\/a><\/li>\n<li><a href=\"http:\/\/www.cafepedagogique.net\/lexpresso\/Pages\/2021\/05\/21052021Article637571732140514163.aspx\">Progression de la pr\u00e9carit\u00e9 en Europe<\/a><\/li>\n<li id=\"docTitle\" class=\"directionltr\"><a href=\"https:\/\/journals.openedition.org\/rechercheformation\/2129\"><span class=\"text\">Malaise dans la profession enseignante et identit\u00e9 professionnelle en mutation<\/span><\/a><\/li>\n<li><a href=\"https:\/\/travailleraufutur.fr\/ou-va-le-travail-enseignant\/\">Travailler au Futur: F. Grimaud, O\u00f9 va le travail enseignant?<\/a><\/li>\n<li><a href=\"https:\/\/blogs.mediapart.fr\/fredgrimaud\/blog\/030221\/precarisation-et-dequalification-une-double-proletarisation-au-coeur-de-l-oste\">Mediapart: Pr\u00e9carisation et d\u00e9qualification du m\u00e9tier d&rsquo;enseignant<\/a><\/li>\n<li><a href=\"https:\/\/grenelle.education.gouv.fr\/processes\/grenelle-education\/f\/11\/proposals\/578?component_id=11&amp;locale=fr&amp;participatory_process_slug=grenelle-education\">France: Grenelle de l&rsquo;\u00e9ducation<\/a><\/li>\n<li><a href=\"https:\/\/www.journaldemontreal.com\/2021\/01\/29\/des-centaines-de-profs-decrochent\">Enseigner au Qu\u00e9bec: d\u00e9missions en masse<\/a><\/li>\n<li><a href=\"https:\/\/www.cairn.info\/revue-chimeres-2015-1-page-66.htm\">Chim\u00e8res: de la pr\u00e9carit\u00e9 en milieu enseignant (2015)<\/a><\/li>\n<li>&#8230;<\/li>\n<\/ul>\n<p>&nbsp;<\/p>\n<p>&nbsp;<\/p>\n<p>&nbsp;<\/p>\n<p>&nbsp;<\/p>\n","protected":false},"excerpt":{"rendered":"<p>Enseigner dans le Canton de Vaud: Enseigner dans le Canton de Gen\u00e8ve: Enseigner dans le Canton du Valais: Lois: La formation professionnelle: loi suisse &nbsp; Formation continue, loi suisse: &nbsp; Conditions de travail: La formation d&rsquo;adultes en Suisse: Unia d\u00e9nonce le dumping des conditions de travail Prise de position commune de UNIA et de la&#8230;<\/p>\n<p class=\"more-link-wrap\"><a href=\"https:\/\/www.aede.ch\/?p=365\" class=\"more-link\">Lire davantage:<span class=\"screen-reader-text\"> &ldquo;Contexte(s) de la formation\/enseignement: pistes de r\u00e9flexion&rdquo;<\/span> &raquo;<\/a><\/p>\n","protected":false},"author":1,"featured_media":546,"comment_status":"closed","ping_status":"closed","sticky":false,"template":"","format":"standard","meta":[],"categories":[19],"tags":[],"_links":{"self":[{"href":"https:\/\/www.aede.ch\/index.php?rest_route=\/wp\/v2\/posts\/365"}],"collection":[{"href":"https:\/\/www.aede.ch\/index.php?rest_route=\/wp\/v2\/posts"}],"about":[{"href":"https:\/\/www.aede.ch\/index.php?rest_route=\/wp\/v2\/types\/post"}],"author":[{"embeddable":true,"href":"https:\/\/www.aede.ch\/index.php?rest_route=\/wp\/v2\/users\/1"}],"replies":[{"embeddable":true,"href":"https:\/\/www.aede.ch\/index.php?rest_route=%2Fwp%2Fv2%2Fcomments&post=365"}],"version-history":[{"count":10,"href":"https:\/\/www.aede.ch\/index.php?rest_route=\/wp\/v2\/posts\/365\/revisions"}],"predecessor-version":[{"id":548,"href":"https:\/\/www.aede.ch\/index.php?rest_route=\/wp\/v2\/posts\/365\/revisions\/548"}],"wp:featuredmedia":[{"embeddable":true,"href":"https:\/\/www.aede.ch\/index.php?rest_route=\/wp\/v2\/media\/546"}],"wp:attachment":[{"href":"https:\/\/www.aede.ch\/index.php?rest_route=%2Fwp%2Fv2%2Fmedia&parent=365"}],"wp:term":[{"taxonomy":"category","embeddable":true,"href":"https:\/\/www.aede.ch\/index.php?rest_route=%2Fwp%2Fv2%2Fcategories&post=365"},{"taxonomy":"post_tag","embeddable":true,"href":"https:\/\/www.aede.ch\/index.php?rest_route=%2Fwp%2Fv2%2Ftags&post=365"}],"curies":[{"name":"wp","href":"https:\/\/api.w.org\/{rel}","templated":true}]}}