{"id":3604,"date":"2024-12-10T10:04:16","date_gmt":"2024-12-10T10:04:16","guid":{"rendered":"https:\/\/www.aede.ch\/?p=3604"},"modified":"2024-12-10T10:08:53","modified_gmt":"2024-12-10T10:08:53","slug":"le-slam-des-origines","status":"publish","type":"post","link":"https:\/\/www.aede.ch\/?p=3604","title":{"rendered":"Le slam des origines"},"content":{"rendered":"<p>Inspir\u00e9 par le slam de Grand Corps Malade \u00ab\u00a0Je viens de l\u00e0\u00a0\u00bb.<\/p>\n<p><iframe loading=\"lazy\" width=\"560\" height=\"315\" src=\"https:\/\/www.youtube.com\/embed\/8LXaSFgVxGs?si=mS7EFuFptHidcKh2\" title=\"YouTube video player\" frameborder=\"0\" allow=\"accelerometer; autoplay; clipboard-write; encrypted-media; gyroscope; picture-in-picture; web-share\" referrerpolicy=\"strict-origin-when-cross-origin\" allowfullscreen><\/iframe><\/p>\n<p><strong>Objectifs: <\/strong><br \/>\n&#8211; \u00e9couter la chanson de Grand Corps Malade: \u00ab\u00a0je viens de l\u00e0\u00a0\u00bb<br \/>\n&#8211; identifier les \u00e9l\u00e9ments stylistiques employ\u00e9s par l&rsquo;artiste: m\u00e9taphore, m\u00e9trique et rimes.<br \/>\n&#8211; Produire un texte inspir\u00e9 tant au niveau du contenu que de la forme sur son pays d&rsquo;origine et son pays d&rsquo;accueil: m\u00e9trique, rimes, stylistique et prosodie.<br \/>\n<strong><br \/>\nConsigne:<\/strong><br \/>\nC&rsquo;est un texte qui sort du c\u0153ur, entre deux rives,<br \/>\nUn r\u00e9cit qui m\u00e9lange l&rsquo;ici et l&rsquo;autre rive.<br \/>\nD&rsquo;abord sur la feuille, puis on va lui donner du corps,<br \/>\nUn pont entre deux mondes, l&rsquo;un d&rsquo;ici, de l&rsquo;autre bord.<\/p>\n<p>Les mots prennent vie, entre racines et ailes,<br \/>\nOn parle de chez nous, de l\u00e0-bas, de l\u2019essentiel.<br \/>\nOn a \u00e9crit nos r\u00eaves, nos douleurs, nos espoirs,<br \/>\nMais faut les faire chanter, faut les voir quelque part.<\/p>\n<p>On va le mettre en musique, en voix, en accord,<br \/>\nL\u00e0-bas et ici, \u00e7a r\u00e9sonne plus fort.<br \/>\nLes fronti\u00e8res tombent quand la m\u00e9lodie s\u2019\u00e9lance,<br \/>\nUn chant d\u2019accueil, un souffle d\u2019innocence.<\/p>\n<p>Et puis la cam\u00e9ra, capte chaque regard,<br \/>\nDe ceux qui ont quitt\u00e9, de ceux qui restent quelque part.<br \/>\nOn va tout m\u00e9langer, texte, son et lumi\u00e8re,<br \/>\nUn film, une histoire, tiss\u00e9e entre deux terres.<\/p>\n<p>Alors reste l\u00e0, on a trac\u00e9 ce chemin,<br \/>\nEntre deux horizons, entre le pass\u00e9 et demain.<br \/>\nOn a l\u2019id\u00e9e, la vision, et tu vois, c\u2019est clair,<br \/>\nMaintenant, c\u2019est \u00e0 nous de tisser ce fil d\u2019air.<\/p>\n<p><strong>La production finale des apprentis:<\/strong><\/p>\n<p><iframe loading=\"lazy\" width=\"560\" height=\"315\" src=\"https:\/\/www.youtube.com\/embed\/d2fFwmyGr3c?si=TngUkcoHc8Bb06tg\" title=\"YouTube video player\" frameborder=\"0\" allow=\"accelerometer; autoplay; clipboard-write; encrypted-media; gyroscope; picture-in-picture; web-share\" referrerpolicy=\"strict-origin-when-cross-origin\" allowfullscreen><\/iframe><\/p>\n<p>Activit\u00e9 men\u00e9e en collaboration avec ma tandem Cheyenne dans la classe Avanc\u00e9e 2 de l&rsquo;Association Franc-Parler \u00e0 Renens (nov-d\u00e9cembre 2024)<\/p>\n","protected":false},"excerpt":{"rendered":"<p>Inspir\u00e9 par le slam de Grand Corps Malade \u00ab\u00a0Je viens de l\u00e0\u00a0\u00bb. Objectifs: &#8211; \u00e9couter la chanson de Grand Corps Malade: \u00ab\u00a0je viens de l\u00e0\u00a0\u00bb &#8211; identifier les \u00e9l\u00e9ments stylistiques employ\u00e9s par l&rsquo;artiste: m\u00e9taphore, m\u00e9trique et rimes. &#8211; Produire un texte inspir\u00e9 tant au niveau du contenu que de la forme sur son pays d&rsquo;origine&#8230;<\/p>\n<p class=\"more-link-wrap\"><a href=\"https:\/\/www.aede.ch\/?p=3604\" class=\"more-link\">Lire davantage:<span class=\"screen-reader-text\"> &ldquo;Le slam des origines&rdquo;<\/span> &raquo;<\/a><\/p>\n","protected":false},"author":1,"featured_media":3607,"comment_status":"closed","ping_status":"closed","sticky":true,"template":"","format":"standard","meta":[],"categories":[26,17,29,32,51,22,52,33,53],"tags":[],"_links":{"self":[{"href":"https:\/\/www.aede.ch\/index.php?rest_route=\/wp\/v2\/posts\/3604"}],"collection":[{"href":"https:\/\/www.aede.ch\/index.php?rest_route=\/wp\/v2\/posts"}],"about":[{"href":"https:\/\/www.aede.ch\/index.php?rest_route=\/wp\/v2\/types\/post"}],"author":[{"embeddable":true,"href":"https:\/\/www.aede.ch\/index.php?rest_route=\/wp\/v2\/users\/1"}],"replies":[{"embeddable":true,"href":"https:\/\/www.aede.ch\/index.php?rest_route=%2Fwp%2Fv2%2Fcomments&post=3604"}],"version-history":[{"count":4,"href":"https:\/\/www.aede.ch\/index.php?rest_route=\/wp\/v2\/posts\/3604\/revisions"}],"predecessor-version":[{"id":3609,"href":"https:\/\/www.aede.ch\/index.php?rest_route=\/wp\/v2\/posts\/3604\/revisions\/3609"}],"wp:featuredmedia":[{"embeddable":true,"href":"https:\/\/www.aede.ch\/index.php?rest_route=\/wp\/v2\/media\/3607"}],"wp:attachment":[{"href":"https:\/\/www.aede.ch\/index.php?rest_route=%2Fwp%2Fv2%2Fmedia&parent=3604"}],"wp:term":[{"taxonomy":"category","embeddable":true,"href":"https:\/\/www.aede.ch\/index.php?rest_route=%2Fwp%2Fv2%2Fcategories&post=3604"},{"taxonomy":"post_tag","embeddable":true,"href":"https:\/\/www.aede.ch\/index.php?rest_route=%2Fwp%2Fv2%2Ftags&post=3604"}],"curies":[{"name":"wp","href":"https:\/\/api.w.org\/{rel}","templated":true}]}}