{"id":3473,"date":"2024-08-25T17:41:20","date_gmt":"2024-08-25T17:41:20","guid":{"rendered":"https:\/\/www.aede.ch\/?p=3473"},"modified":"2024-09-03T23:01:04","modified_gmt":"2024-09-03T23:01:04","slug":"francais-preparer-un-examen-delf-b2","status":"publish","type":"post","link":"https:\/\/www.aede.ch\/?p=3473","title":{"rendered":"Fran\u00e7ais: pr\u00e9parer un examen DELF B2"},"content":{"rendered":"<h5>Comment travailler avec ces articles pour le DELF B2 ?<\/h5>\n<p>L\u2019actualit\u00e9 est pr\u00e9sente dans toutes les \u00e9preuves du DELF B2. On trouve des articles de presse authentiques dans 2 \u00e9preuves : compr\u00e9hension \u00e9crite et production orale. <strong>La lecture r\u00e9guli\u00e8re de la presse est donc une strat\u00e9gie essentielle pour bien se pr\u00e9parer \u00e0 l\u2019examen<\/strong>. Voici quelques id\u00e9es pour exploiter cette s\u00e9lection d\u2019articles :<\/p>\n<p><strong>S\u2019entra\u00eener \u00e0 la compr\u00e9hension \u00e9crite :<\/strong> commencer par une lecture globale, puis relever les informations essentielles. Consulter cette vid\u00e9o pour d\u00e9couvrir les bonnes techniques \u00e0 suivre : <a href=\"https:\/\/www.youtube.com\/watch?v=-ibCMepcWc0&amp;t=1s\" target=\"_blank\" rel=\"noopener\">R\u00e9ussir la compr\u00e9hension \u00e9crite<\/a>.<\/p>\n<p><strong>Relever les mots-cl\u00e9s sur un th\u00e8me :<\/strong> par exemple, pour parler du changement climatique il est n\u00e9cessaire d\u2019apprendre \u00ab\u00a0r\u00e9chauffement\u00a0\u00bb, \u00ab\u00a0gaz \u00e0 effet de serre\u00a0\u00bb, etc. Penser \u00e0 adopter une technique efficace pour m\u00e9moriser le vocabulaire \u00e0 long terme.<\/p>\n<p><strong>Relever les arguments importants<\/strong> : par exemple, compl\u00e9ter une fiche \u00ab\u00a0avantages et inconv\u00e9nients de la robotisation\u00a0\u00bb par des id\u00e9es et des exemples trouv\u00e9s dans un article. D\u00e9velopper ses connaissances sera tr\u00e8s utile \u00e0 la fois dans les \u00e9preuves de compr\u00e9hension et de production.<\/p>\n<p><strong>S\u2019entra\u00eener \u00e0 la production orale :<\/strong> prendre un article comme <em>document d\u00e9clencheur<\/em>. Comme \u00e0 l\u2019examen, relever rapidement le sujet et les informations essentielles, puis pr\u00e9parer un expos\u00e9 (<em>monologue suivi<\/em>). Si vous ne savez pas encore pr\u00e9parer un oral du DELF B2, consultez <a href=\"https:\/\/www.youtube.com\/watch?v=Z3e1zvm5esE\" target=\"_blank\" rel=\"noopener\">ce mod\u00e8le en vid\u00e9o<\/a>.<\/p>\n<p>Dans tous les cas, il ne faut pas essayer une lecture lin\u00e9aire d\u2019un article, <em>mot \u00e0 mot<\/em>, en cherchant tous les termes nouveaux dans un dictionnaire. C\u2019est fatigant et totalement inutile pour la pr\u00e9paration \u00e0 l\u2019examen. <strong>Commencez par fixer un ou des objectifs de lecture pr\u00e9cis.<\/strong><\/p>\n<h5>S\u00e9lection d&rsquo;articles pour le DELF B2:<\/h5>\n<h6><strong>Les \u00e9tudes<\/strong><\/h6>\n<p>\u2014 La suppression des notes \u00e0 l\u2019\u00e9cole : <a href=\"https:\/\/www.magicmaman.com\/,faut-il-supprimer-les-notes-a-l-ecole-primaire,2006365,2126850.asp\" target=\"_blank\" rel=\"noopener\">Faut-il \u2013 d\u00e9finitivement \u2013 supprimer les notes \u00e0 l\u2019\u00e9cole ?<\/a><\/p>\n<p>\u2014 Les devoirs \u00e0 la maison : <a href=\"https:\/\/www.elle.fr\/Maman\/Mon-enfant\/A-l-ecole\/Faut-il-continuer-a-donner-des-devoirs-a-la-maison-1976894\" target=\"_blank\" rel=\"noopener\">Faut-il continuer \u00e0 donner des devoirs \u00e0 la maison ?<\/a><\/p>\n<p>\u2014 Le redoublement : <a href=\"https:\/\/www.huffingtonpost.fr\/yannick-trigance\/3-raisons-pour-lesquelles-le-redoublement-est-une-fausse-bonne-reponse-a-lechec-scolaire_a_23292546\/\" target=\"_blank\" rel=\"noopener\">3 raisons pour lesquelles le redoublement est une fausse bonne r\u00e9ponse \u00e0 l\u2019\u00e9chec scolaire<\/a><\/p>\n<p>\u2014\u00a0Le gongbang : <a href=\"https:\/\/www.ledauphine.com\/magazine-lifestyle\/2021\/04\/12\/l-enorme-carton-du-gongbang-la-nouvelle-tendance-chez-les-etudiants\" target=\"_blank\" rel=\"noopener\">L\u2019\u00e9norme carton du gongbang, la nouvelle tendance chez les \u00e9tudiants<\/a><\/p>\n<h6>Le monde du travail<\/h6>\n<p>\u2014 La g\u00e9n\u00e9ration Z : <a href=\"https:\/\/www.ladn.eu\/entreprises-innovantes\/nouvelles-gouvernances\/etude-generation-z-entreprises-attentes-management\/\" target=\"_blank\" rel=\"noopener\">G\u00e9n\u00e9ration Z : management, mission, confiance\u2026 Qu\u2019est-ce que les jeunes attendent de l\u2019entreprise ?<\/a><\/p>\n<p>\u2014 La robotisation : <a href=\"https:\/\/www.ledevoir.com\/societe\/560041\/il-faut-tout-faire-pour-que-l-automatisation-des-metiers-favorise-l-emancipation-de-l-homme\" target=\"_blank\" rel=\"noopener\">La robotisation va-t-elle faire dispara\u00eetre des emplois ou bien en cr\u00e9er ?<\/a><\/p>\n<p>\u2014 Le t\u00e9l\u00e9travail : <a href=\"https:\/\/www.noovomoi.ca\/vivre\/sante\/article.avantages-dangers-teletravail.1.12782873.html\" target=\"_blank\" rel=\"noopener\">T\u00e9l\u00e9travail : avantages et dangers<\/a><\/p>\n<h6>La sant\u00e9<\/h6>\n<p>\u2014 Le traitement de maladies par les jeux vid\u00e9o : <a href=\"https:\/\/cursus.edu\/articles\/44117\/lutilisation-des-jeux-video-dans-le-traitement-de-jeunes-en-situation-de-handicap\" target=\"_blank\" rel=\"noopener\">L\u2019utilisation des jeux vid\u00e9o dans le traitement de jeunes en situation de handicap<\/a><\/p>\n<p>\u2014 L\u2019impact des \u00e9crans sur les enfants : <a href=\"https:\/\/www.radiofrance.fr\/franceinter\/podcasts\/le-zoom-de-la-redaction\/les-ecrans-sont-ils-nocifs-pour-nos-enfants-3498530\" target=\"_blank\" rel=\"noopener\">Les \u00e9crans sont-ils nocifs pour nos enfants ?<\/a><\/p>\n<p>\u2014 La t\u00e9l\u00e9m\u00e9decine : <a href=\"https:\/\/www.lemonde.fr\/le-monde-evenements\/article\/2020\/10\/20\/covid-19-l-essor-fulgurant-de-la-telemedecine_6056664_4333359.html\" target=\"_blank\" rel=\"noopener\">Covid-19 : l\u2019essor fulgurant de la t\u00e9l\u00e9m\u00e9decine<\/a><\/p>\n<h6>Les loisirs et la culture<\/h6>\n<p>\u2014 Le jeu vid\u00e9o : <a href=\"https:\/\/www.france24.com\/fr\/info-en-continu\/20210815-en-chine-les-ados-d%C3%A9pit%C3%A9s-par-les-restrictions-anti-jeu-vid%C3%A9o\" target=\"_blank\" rel=\"noopener\">En Chine, les ados d\u00e9pit\u00e9s par les restrictions anti-jeu vid\u00e9o<\/a><\/p>\n<p>\u2014 Le livre audio : <a href=\"https:\/\/actualitte.com\/article\/100768\/audiolivres\/l-audiolivre-une-solution-de-lecture-qui-tient-eloigne-des-ecrans\" target=\"_blank\" rel=\"noopener\">L\u2019audiolivre, une solution de lecture qui tient \u00e9loign\u00e9 des \u00e9crans<\/a><\/p>\n<p>\u2014 Les cirques sans animaux : <a href=\"https:\/\/www.leparisien.fr\/yvelines-78\/carrieres-sous-poissy-le-maire-ne-veut-plus-de-cirques-avec-des-animaux-sauvages-06-09-2020-8379666.php\" target=\"_blank\" rel=\"noopener\">Carri\u00e8res-sous-Poissy : le maire ne veut plus de cirques avec des animaux sauvages<\/a><\/p>\n<h6>Les habitudes de consommation<\/h6>\n<p>\u2014 L\u2019obsolescence programm\u00e9e : <a href=\"https:\/\/www.ladn.eu\/adn-business\/news-business\/indice-reparabilite-indicateur-environnemental-appareils-electroniques\/\" target=\"_blank\" rel=\"noopener\">L\u2019indice de r\u00e9parabilit\u00e9 : un indicateur environnemental pour les produits \u00e9lectroniques<\/a><\/p>\n<p>\u2014 L\u2019autoproduction : <a href=\"https:\/\/demain.ladn.eu\/secteurs\/tendances-2021\/autoproduction-alimentation-legumes-myfood-startup-permaculture\/\" target=\"_blank\" rel=\"noopener\">Et si l\u2019on autoproduisait nos l\u00e9gumes ?<\/a><\/p>\n<p>\u2014 L\u2019argent liquide : <a href=\"https:\/\/www.ouest-france.fr\/economie\/banques-finance\/garder-de-l-argent-liquide-chez-soi-un-phenomene-qui-prend-de-l-ampleur-en-france-7165896\" target=\"_blank\" rel=\"noopener\">Garder de l\u2019argent liquide chez soi, un ph\u00e9nom\u00e8ne qui prend de l\u2019ampleur en France<\/a><\/p>\n<h6>Les comportements alimentaires<\/h6>\n<p>\u2014 La malbouffe : <a href=\"https:\/\/theconversation.com\/les-jeunes-sont-ils-toujours-attires-par-la-malbouffe-158828\" target=\"_blank\" rel=\"noopener\">Les jeunes sont-ils toujours attir\u00e9s par la malbouffe ?<\/a><\/p>\n<p>\u2014 Le gaspillage alimentaire : <a href=\"https:\/\/www.euractiv.fr\/section\/developpement-durable\/news\/la-lutte-contre-le-gaspillage-alimentaire-un-enjeu-de-taille-en-france-et-europe\/\" target=\"_blank\" rel=\"noopener\">La lutte contre le gaspillage alimentaire, un enjeu de taille en France et Europe<\/a><\/p>\n<p>\u2014 Les plats v\u00e9g\u00e9tariens \u00e0 l\u2019\u00e9cole : <a href=\"https:\/\/www.lemonde.fr\/les-decodeurs\/article\/2021\/02\/27\/non-il-n-est-pas-necessaire-de-manger-de-la-viande-pour-etre-en-bonne-sante_6071378_4355770.html\" target=\"_blank\" rel=\"noopener\">Non, il n\u2019est pas indispensable de manger de la viande pour \u00eatre en bonne sant\u00e9<\/a><\/p>\n<h6>Les relations sociales<\/h6>\n<p>\u2014 Le b\u00e9n\u00e9volat : <a href=\"https:\/\/www.lefigaro.fr\/flash-eco\/percee-du-telebenevolat-mais-le-covid-pesera-lourd-sur-le-monde-associatif-20201113\" target=\"_blank\" rel=\"noopener\">Perc\u00e9e du \u00abt\u00e9l\u00e9b\u00e9n\u00e9volat\u00bb, mais le Covid p\u00e8sera lourd sur le monde associatif<\/a><\/p>\n<p>\u2014 Les nouvelles solidarit\u00e9s : <a href=\"https:\/\/www.ouest-france.fr\/economie\/entreprises\/quand-les-idees-pour-organiser-les-nouvelles-solidarites-deviennent-entreprises-7366608\" target=\"_blank\" rel=\"noopener\">Quand les id\u00e9es pour organiser les nouvelles solidarit\u00e9s deviennent entreprises<\/a><\/p>\n<p>\u2014 La colocation : <a href=\"https:\/\/www.tendanceouest.com\/actualite-386532-etudiants-a-caen-se-loger-en-echange-de-petits-services.html\" target=\"_blank\" rel=\"noopener\">\u00c9tudiants \u00e0 Caen. Se loger en \u00e9change de petits services<\/a><\/p>\n<h6>L\u2019\u00e9galit\u00e9 homme\/femme<\/h6>\n<p>\u2014 Le sport f\u00e9minin : <a href=\"https:\/\/www.ouest-france.fr\/jeux-olympiques\/jo-pourquoi-les-tenues-des-sportives-font-elles-autant-parler-046b9026-eef3-11eb-8fb3-44cfaeb2c880\" target=\"_blank\" rel=\"noopener\">Pourquoi les tenues des sportives font-elles autant parler ?<\/a><\/p>\n<p>\u2014 Le cong\u00e9 paternit\u00e9 : <a href=\"https:\/\/www.lemonde.fr\/societe\/article\/2020\/09\/22\/la-duree-du-conge-paternite-en-france-va-etre-doublee_6053210_3224.html\" target=\"_blank\" rel=\"noopener\">La dur\u00e9e du cong\u00e9 paternit\u00e9 en France va doubler, passant \u00e0 vingt-huit jours<\/a><\/p>\n<p>\u2014 Les in\u00e9galit\u00e9s face au t\u00e9l\u00e9travail : <a href=\"https:\/\/www.francetvinfo.fr\/replay-radio\/c-est-mon-boulot\/les-femmes-en-teletravail-plus-a-la-peine-que-les-hommes_4288357.html\" target=\"_blank\" rel=\"noopener\">Les femmes en t\u00e9l\u00e9travail plus \u00e0 la peine que les hommes<\/a><\/p>\n<h6>Les relations familiales<\/h6>\n<p>\u2014 Les jeux vid\u00e9o en famille : <a href=\"https:\/\/korii.slate.fr\/et-caetera\/jeux-video-famille-parents-enfants-pedagogie-controle-securite-addiction-ecrans\" target=\"_blank\" rel=\"noopener\">Le jeu vid\u00e9o, \u00ab un moyen de cr\u00e9er du lien entre parents et enfants \u00bb<\/a><\/p>\n<p>\u2014 La surveillance des ados sur Internet : <a href=\"https:\/\/www.huffingtonpost.fr\/entry\/quel-controle-parental-sur-smartphone-mettre-en-place-pour-ses-enfants_fr_5d5d13f0e4b063487e94f396\" target=\"_blank\" rel=\"noopener\">Quel contr\u00f4le parental sur smartphone mettre en place pour ses enfants<\/a><\/p>\n<p>\u2014 Les repas en famille : <a href=\"https:\/\/www.ledauphine.com\/magazine-sante\/2021\/08\/18\/enfants-manger-en-famille-permet-d-etre-plus-en-forme\" target=\"_blank\" rel=\"noopener\">Enfants : manger en famille permet d\u2019\u00eatre plus en forme<\/a><\/p>\n<h6>L\u2019environnement<\/h6>\n<p>\u2014 Le jardinage urbain : <a href=\"https:\/\/theconversation.com\/lexperience-du-jardinage-urbain-des-habitants-de-la-ville-de-rouen-145897\" target=\"_blank\" rel=\"noopener\">L\u2019exp\u00e9rience du jardinage urbain des habitants de la ville de Rouen<\/a><\/p>\n<p>\u2014 Le lundi sans viande : <a href=\"https:\/\/www.capital.fr\/economie-politique\/le-lundi-vert-est-il-vraiment-une-bonne-idee-1322324\" target=\"_blank\" rel=\"noopener\">Le \u00ab\u00a0lundi vert\u00a0\u00bb est-il vraiment une bonne id\u00e9e ?<\/a><\/p>\n<p>\u2014 La pollution num\u00e9rique : <a href=\"https:\/\/www.curieux.live\/2021\/05\/14\/la-pollution-numerique-cest-quoi\/\" target=\"_blank\" rel=\"noopener\">La pollution num\u00e9rique, c\u2019est quoi ?<\/a><\/p>\n<h6>Les m\u00e9dias &amp; Internet<\/h6>\n<p>\u2014 Les textos : <a href=\"https:\/\/www.huffingtonpost.fr\/johanna-goodfellow\/desolee-ou-pas-si-je-ne-reponds-pas-a-tes-textos-mais-j-ai-une-vie-privee_a_23303354\/\" target=\"_blank\" rel=\"noopener\">D\u00e9sol\u00e9e (ou pas) si je ne r\u00e9ponds pas \u00e0 tes textos mais j\u2019ai une vie priv\u00e9e<\/a><\/p>\n<p>\u2014 Vivre sans Internet : <a href=\"https:\/\/dess-journal.umontreal.ca\/6620-peut-on-vivre-sans-internet.html\" target=\"_blank\" rel=\"noopener\">Peut-on vivre sans internet ?<\/a><\/p>\n<p>\u2014 Les jeunes et les r\u00e9seaux sociaux : <a href=\"http:\/\/www.slate.fr\/story\/197438\/tiktok-pourquoi-ados-aiment-reseaux-sociaux-jeunes-challenges-influenceurs-creativite\" target=\"_blank\" rel=\"noopener\">Les ados ne vont pas sur TikTok uniquement par narcissisme<\/a><\/p>\n<p>\u2014 Les jeunes et les r\u00e9seaux sociaux : <a href=\"https:\/\/zep.media\/textes\/confinement-jeux-video-discord-reseaux-sociaux\/\" target=\"_blank\" rel=\"noopener\">Mes nuits sur Discord<\/a><\/p>\n<h6>Les transports<\/h6>\n<p>\u2014 L\u2019interdiction des voitures en ville : <a href=\"https:\/\/www.carenews.com\/fr\/news\/et-si-on-interdisait-les-voitures-dans-les-villes\" target=\"_blank\" rel=\"noopener\">Et si on interdisait les voitures dans les villes ?<\/a><\/p>\n<p>\u2014 Les rues scolaires : <a href=\"https:\/\/theconversation.com\/les-rues-scolaires-un-concept-aux-resultats-encourageants-pour-transformer-la-mobilite-urbaine-157845\" target=\"_blank\" rel=\"noopener\">Les rues scolaires, un concept aux r\u00e9sultats encourageants pour transformer la mobilit\u00e9 urbaine<\/a><\/p>\n<p>\u2014 La gratuit\u00e9 des transports en commun : <a href=\"https:\/\/www.20minutes.fr\/nantes\/3028895-20210425-nantes-habitude-vient-voiture-gratuite-transports-week-end-validee-usagers\" target=\"_blank\" rel=\"noopener\">Nantes : \u00ab D\u2019habitude, on vient en voiture\u2026 \u00bb La gratuit\u00e9 des transports le week-end valid\u00e9e par les usagers<\/a><\/p>\n<h6>Le fran\u00e7ais et la francophonie<\/h6>\n<p>\u2014 Les anglicismes : <a href=\"https:\/\/www.rtl.fr\/actu\/debats-societe\/des-anglicismes-a-bannir-de-notre-langue-7900015774\" target=\"_blank\" rel=\"noopener\">Des anglicismes \u00e0 bannir de notre langue<\/a><\/p>\n<p>\u2014 La f\u00e9minisation des noms de m\u00e9tiers : <a href=\"https:\/\/www.liberation.fr\/france\/2020\/07\/02\/les-nouvelles-maires-elues-sont-elles-des-mairesses_1793037\/\" target=\"_blank\" rel=\"noopener\">Les nouvelles maires \u00e9lues sont-elles des mairesses ?<\/a><\/p>\n<p>\u2014 La simplification de l\u2019orthographe : <a href=\"https:\/\/www.midilibre.fr\/2021\/07\/03\/ognon-piquenique-la-suisse-adopte-lorthographe-rectifiee-pour-simplifier-la-langue-francaise-9648938.php\" target=\"_blank\" rel=\"noopener\">\u00ab\u00a0Ognon\u00a0\u00bb, \u00ab\u00a0piquenique\u00a0\u00bb : la Suisse adopte l\u2019orthographe rectifi\u00e9e pour simplifier la langue fran\u00e7aise<\/a><\/p>\n<h6>Le tourisme<\/h6>\n<p>\u2014 Les nuisances du tourisme : <a href=\"https:\/\/www.ouest-france.fr\/le-courrier-de-l-ouest\/co-courrier-des-lecteurs\/airbnb-manne-touristique-vraiment-b0c0b42e-adb1-11eb-abf3-f2f06a226add\" target=\"_blank\" rel=\"noopener\">\u00ab Airbnb, manne touristique : vraiment ? \u00bb<\/a><\/p>\n<p>\u2014 La pr\u00e9servation du patrimoine : <a href=\"https:\/\/www.24matins.fr\/loi-le-chant-du-coq-et-les-odeurs-de-la-campagne-classes-au-patrimoine-sensoriel-francais-1265916\" target=\"_blank\" rel=\"noopener\">Loi : Le chant du coq et les odeurs de la campagne class\u00e9s au \u00ab\u00a0patrimoine sensoriel fran\u00e7ais\u00a0\u00bb<\/a><\/p>\n<p><strong>Source<\/strong>:<\/p>\n<p>https:\/\/communfrancais.com<\/p>\n<!-- START Kaya QR Code Generator --><div class=\"wpkqcg_qrcode_wrapper\"><input type=\"hidden\" id=\"wpkqcg_qrcode_outputimg_866a965b550ed041_ecclevel\" value=\"L\" \/><input type=\"hidden\" id=\"wpkqcg_qrcode_outputimg_866a965b550ed041_size\" value=\"\" \/><input type=\"hidden\" id=\"wpkqcg_qrcode_outputimg_866a965b550ed041_color\" value=\"\" \/><input type=\"hidden\" id=\"wpkqcg_qrcode_outputimg_866a965b550ed041_bgcolor\" value=\"\" \/><input type=\"hidden\" id=\"wpkqcg_qrcode_outputimg_866a965b550ed041_content\" value=\"https:\/\/www.aede.ch\/index.php?rest_route=%2Fwp%2Fv2%2Fposts%2F3473\" \/><img src=\"\" id=\"wpkqcg_qrcode_outputimg_866a965b550ed041\" alt=\"QR Code\" class=\"wpkqcg_qrcode\" style=\"width: auto; height: auto; max-width: 100%;\" ><div style=\"clear: none;\"><\/div><\/div><!-- END Kaya QR Code Generator -->\n","protected":false},"excerpt":{"rendered":"<p>Comment travailler avec ces articles pour le DELF B2 ? L\u2019actualit\u00e9 est pr\u00e9sente dans toutes les \u00e9preuves du DELF B2. On trouve des articles de presse authentiques dans 2 \u00e9preuves : compr\u00e9hension \u00e9crite et production orale. La lecture r\u00e9guli\u00e8re de la presse est donc une strat\u00e9gie essentielle pour bien se pr\u00e9parer \u00e0 l\u2019examen. Voici quelques&#8230;<\/p>\n<p class=\"more-link-wrap\"><a href=\"https:\/\/www.aede.ch\/?p=3473\" class=\"more-link\">Lire davantage:<span class=\"screen-reader-text\"> &ldquo;Fran\u00e7ais: pr\u00e9parer un examen DELF B2&rdquo;<\/span> &raquo;<\/a><\/p>\n","protected":false},"author":1,"featured_media":3474,"comment_status":"closed","ping_status":"closed","sticky":false,"template":"","format":"standard","meta":[],"categories":[29,14,32,51,48,45,47,3,52,6,46],"tags":[],"_links":{"self":[{"href":"https:\/\/www.aede.ch\/index.php?rest_route=\/wp\/v2\/posts\/3473"}],"collection":[{"href":"https:\/\/www.aede.ch\/index.php?rest_route=\/wp\/v2\/posts"}],"about":[{"href":"https:\/\/www.aede.ch\/index.php?rest_route=\/wp\/v2\/types\/post"}],"author":[{"embeddable":true,"href":"https:\/\/www.aede.ch\/index.php?rest_route=\/wp\/v2\/users\/1"}],"replies":[{"embeddable":true,"href":"https:\/\/www.aede.ch\/index.php?rest_route=%2Fwp%2Fv2%2Fcomments&post=3473"}],"version-history":[{"count":2,"href":"https:\/\/www.aede.ch\/index.php?rest_route=\/wp\/v2\/posts\/3473\/revisions"}],"predecessor-version":[{"id":3523,"href":"https:\/\/www.aede.ch\/index.php?rest_route=\/wp\/v2\/posts\/3473\/revisions\/3523"}],"wp:featuredmedia":[{"embeddable":true,"href":"https:\/\/www.aede.ch\/index.php?rest_route=\/wp\/v2\/media\/3474"}],"wp:attachment":[{"href":"https:\/\/www.aede.ch\/index.php?rest_route=%2Fwp%2Fv2%2Fmedia&parent=3473"}],"wp:term":[{"taxonomy":"category","embeddable":true,"href":"https:\/\/www.aede.ch\/index.php?rest_route=%2Fwp%2Fv2%2Fcategories&post=3473"},{"taxonomy":"post_tag","embeddable":true,"href":"https:\/\/www.aede.ch\/index.php?rest_route=%2Fwp%2Fv2%2Ftags&post=3473"}],"curies":[{"name":"wp","href":"https:\/\/api.w.org\/{rel}","templated":true}]}}