{"id":3460,"date":"2024-06-06T14:46:17","date_gmt":"2024-06-06T14:46:17","guid":{"rendered":"https:\/\/www.aede.ch\/?p=3460"},"modified":"2025-08-27T09:01:59","modified_gmt":"2025-08-27T09:01:59","slug":"les-intelligences-artificielles-et-le-devenir-de-lhumanite","status":"publish","type":"post","link":"https:\/\/www.aede.ch\/?p=3460","title":{"rendered":"Les intelligences artificielles et le devenir de l&rsquo;humanit\u00e9"},"content":{"rendered":"<p>Hommage \u00e0 l&rsquo;un des grands \u00e9crivains de science-fiction du XXe si\u00e8cle: Isaac Asimov.<\/p>\n<p>Le devenir de l&rsquo;humanit\u00e9 sera-t-il dans l&rsquo;espace ou sur terre? Dans quelle mesure est-ce qu&rsquo;une technologie transforme les soci\u00e9t\u00e9s humaines? Est-ce que les machines peuvent penser? Dans quelles mesure est-ce que l&rsquo;humanit\u00e9 pourra d\u00e9velopper des formes d&rsquo;intelligence collective pour garantir sa prosp\u00e9rit\u00e9?<\/p>\n<p><iframe loading=\"lazy\" title=\"YouTube video player\" src=\"https:\/\/www.youtube.com\/embed\/LVi4T_KkpIM?si=lupZqONB4BWRxvo1\" width=\"560\" height=\"315\" frameborder=\"0\" allowfullscreen=\"allowfullscreen\"><\/iframe><\/p>\n<p>Sujets d&rsquo;argumentation \u00e0 exploiter:<br \/>\n<strong>\ud83e\udde0 Intelligence Artificielle et Humanit\u00e9<\/strong><em><br \/>\n1. L\u2019intelligence artificielle menace-t-elle ou compl\u00e8te-t-elle l\u2019intelligence humaine ?<\/em><\/p>\n<p><strong>Pour<\/strong> : IA comme outil puissant d\u2019aide \u00e0 la recherche, au diagnostic m\u00e9dical, \u00e0 la cr\u00e9ativit\u00e9.<\/p>\n<p><strong>Contre<\/strong> : d\u00e9shumanisation, perte d\u2019emploi, d\u00e9pendance cognitive.<\/p>\n<p><strong>Nuanc\u00e9<\/strong> : question d\u2019usage, \u00e9thique et r\u00e9gulation, compl\u00e9mentarit\u00e9 possible.<\/p>\n<p><em>2. Faut-il donner des droits aux robots ?<\/em><\/p>\n<p><strong>Pour<\/strong> : si les robots deviennent conscients ou sensibles, question morale et juridique.<\/p>\n<p><strong>Contre<\/strong> : les robots restent des outils sans subjectivit\u00e9.<\/p>\n<p><strong>Nuanc\u00e9<\/strong> : peut-\u00eatre des \u201cdevoirs\u201d pour les concepteurs, plut\u00f4t que des \u201cdroits\u201d pour les machines.<\/p>\n<p><em>3. Peut-on d\u00e9l\u00e9guer des d\u00e9cisions \u00e9thiques \u00e0 des machines ?<\/em><\/p>\n<p><strong>Pour<\/strong> : objectivit\u00e9 suppos\u00e9e, calcul optimal.<\/p>\n<p><strong>Contre<\/strong> : absence d\u2019empathie, complexit\u00e9 du jugement moral humain.<\/p>\n<p><strong>Nuanc\u00e9<\/strong> : r\u00f4le d\u2019assistance mais pas de substitution totale.<\/p>\n<p><strong>\ud83c\udf0d \u00c9cologie, Surpopulation et Ressources<\/strong><br \/>\n<em>4. L\u2019humanit\u00e9 peut-elle survivre sans changer radicalement son mode de vie ?<\/em><\/p>\n<p><strong>Pour<\/strong> : innovations technologiques, croissance verte.<\/p>\n<p><strong>Contre<\/strong> : limites plan\u00e9taires, mod\u00e8le actuel insoutenable.<\/p>\n<p><strong>Nuanc\u00e9<\/strong> : changement n\u00e9cessaire, mais pas forc\u00e9ment \u00ab\u00a0radical\u00a0\u00bb pour tous.<\/p>\n<p><em>5. La science est-elle suffisante pour sauver la plan\u00e8te ?<\/em><\/p>\n<p><strong>Pour<\/strong> : progr\u00e8s en \u00e9nergies renouvelables, agriculture durable, capture du CO\u2082.<\/p>\n<p><strong>Contre<\/strong> : inertie politique, in\u00e9galit\u00e9s, comportements humains.<\/p>\n<p><strong>Nuanc\u00e9<\/strong> : science comme outil, mais d\u00e9pendance du facteur humain.<\/p>\n<p><strong>\ud83c\udfd9\ufe0f Futur de la Soci\u00e9t\u00e9 et des Civilisations<\/strong><em><br \/>\n6. La science-fiction est-elle un simple divertissement ou un outil de r\u00e9flexion sur le futur ?<\/em><\/p>\n<p><strong>Pour<\/strong> : elle anticipe, alerte, stimule l\u2019imaginaire politique et scientifique.<\/p>\n<p><strong>Contre<\/strong> : souvent trop sp\u00e9culative, dystopique, irr\u00e9aliste.<\/p>\n<p><strong>Nuanc\u00e9<\/strong> : \u00e0 la fois divertissante et \u00e9clairante, selon les \u0153uvres.<\/p>\n<p><em>7. Faut-il craindre ou esp\u00e9rer le progr\u00e8s technologique ?<\/em><\/p>\n<p><strong>Pour<\/strong> : progr\u00e8s m\u00e9dical, r\u00e9duction de la p\u00e9nibilit\u00e9, acc\u00e8s \u00e0 la connaissance.<\/p>\n<p><strong>Contre<\/strong> : ali\u00e9nation, perte de rep\u00e8res, accroissement des in\u00e9galit\u00e9s.<\/p>\n<p><strong>Nuanc\u00e9<\/strong> : progr\u00e8s \u00e0 encadrer, non \u00e0 rejeter.<\/p>\n<p><em>8. L\u2019humanit\u00e9 doit-elle coloniser d\u2019autres plan\u00e8tes ?<\/em><\/p>\n<p><strong>Pour<\/strong> : solution \u00e0 la surpopulation, curiosit\u00e9 scientifique, sauvegarde de l\u2019esp\u00e8ce.<\/p>\n<p><strong>Contre<\/strong> : fuite en avant, co\u00fbts immenses, priorit\u00e9s terrestres.<\/p>\n<p><strong>Nuanc\u00e9<\/strong> : compl\u00e9ment \u00e0 une politique terrestre responsable.<br \/>\n<strong><br \/>\n\ud83e\uddec Science, Morale et Responsabilit\u00e9<\/strong><br \/>\n<em>9. Les scientifiques doivent-ils \u00eatre responsables des usages de leurs d\u00e9couvertes ?<\/em><\/p>\n<p><strong>Pour<\/strong> : impact social direct, r\u00f4le \u00e9thique.<\/p>\n<p><strong>Contre<\/strong> : les usages \u00e9chappent souvent aux inventeurs.<\/p>\n<p><strong>Nuanc\u00e9<\/strong> : co-responsabilit\u00e9 entre science, politique et soci\u00e9t\u00e9.<\/p>\n<p><em>10. Peut-on concilier progr\u00e8s scientifique et sagesse humaniste ?<\/em><\/p>\n<p><strong>Pour<\/strong> : avec une \u00e9ducation \u00e9thique, oui.<\/p>\n<p><strong>Contre<\/strong> : tentation du pouvoir, de la vitesse, logique marchande.<\/p>\n<p><strong>Nuanc\u00e9<\/strong> : d\u00e9pend des cadres institutionnels et culturels.<\/p>\n<p><strong>\ud83d\udcac Th\u00e8mes transversaux et plus provocateurs<\/strong><em><br \/>\n11. Les robots seront-ils un jour plus humains que les humains ?<\/em><\/p>\n<p>(r\u00e9flexion sur \u00e9motions simul\u00e9es, morale cod\u00e9e, perte d\u2019humanit\u00e9 chez l\u2019humain).<\/p>\n<p><em>12. Vaut-il mieux une intelligence froide mais parfaite qu\u2019une intelligence humaine faillible ?<\/em><\/p>\n<p>Plus d&rsquo;informations sur Asimov:<br \/>\n<a href=\"https:\/\/fr.wikipedia.org\/wiki\/Isaac_Asimov\" target=\"_blank\" rel=\"noopener\">https:\/\/fr.wikipedia.org\/wiki\/Isaac_Asimov<\/a><br \/>\n<!-- START Kaya QR Code Generator --><div class=\"wpkqcg_qrcode_wrapper\"><input type=\"hidden\" id=\"wpkqcg_qrcode_outputimg_596a96c6670fcf764_ecclevel\" value=\"L\" \/><input type=\"hidden\" id=\"wpkqcg_qrcode_outputimg_596a96c6670fcf764_size\" value=\"\" \/><input type=\"hidden\" id=\"wpkqcg_qrcode_outputimg_596a96c6670fcf764_color\" value=\"\" \/><input type=\"hidden\" id=\"wpkqcg_qrcode_outputimg_596a96c6670fcf764_bgcolor\" value=\"\" \/><input type=\"hidden\" id=\"wpkqcg_qrcode_outputimg_596a96c6670fcf764_content\" value=\"https:\/\/www.aede.ch\/index.php?rest_route=%2Fwp%2Fv2%2Fposts%2F3460\" \/><img src=\"\" id=\"wpkqcg_qrcode_outputimg_596a96c6670fcf764\" alt=\"QR Code\" class=\"wpkqcg_qrcode\" style=\"width: auto; height: auto; max-width: 100%;\" ><div style=\"clear: none;\"><\/div><\/div><!-- END Kaya QR Code Generator --><\/p>\n","protected":false},"excerpt":{"rendered":"<p>Hommage \u00e0 l&rsquo;un des grands \u00e9crivains de science-fiction du XXe si\u00e8cle: Isaac Asimov. Le devenir de l&rsquo;humanit\u00e9 sera-t-il dans l&rsquo;espace ou sur terre? Dans quelle mesure est-ce qu&rsquo;une technologie transforme les soci\u00e9t\u00e9s humaines? Est-ce que les machines peuvent penser? Dans quelles mesure est-ce que l&rsquo;humanit\u00e9 pourra d\u00e9velopper des formes d&rsquo;intelligence collective pour garantir sa prosp\u00e9rit\u00e9?&#8230;<\/p>\n<p class=\"more-link-wrap\"><a href=\"https:\/\/www.aede.ch\/?p=3460\" class=\"more-link\">Lire davantage:<span class=\"screen-reader-text\"> &ldquo;Les intelligences artificielles et le devenir de l&rsquo;humanit\u00e9&rdquo;<\/span> &raquo;<\/a><\/p>\n","protected":false},"author":1,"featured_media":3461,"comment_status":"closed","ping_status":"closed","sticky":false,"template":"","format":"standard","meta":[],"categories":[32,51,45,50,4,46],"tags":[],"_links":{"self":[{"href":"https:\/\/www.aede.ch\/index.php?rest_route=\/wp\/v2\/posts\/3460"}],"collection":[{"href":"https:\/\/www.aede.ch\/index.php?rest_route=\/wp\/v2\/posts"}],"about":[{"href":"https:\/\/www.aede.ch\/index.php?rest_route=\/wp\/v2\/types\/post"}],"author":[{"embeddable":true,"href":"https:\/\/www.aede.ch\/index.php?rest_route=\/wp\/v2\/users\/1"}],"replies":[{"embeddable":true,"href":"https:\/\/www.aede.ch\/index.php?rest_route=%2Fwp%2Fv2%2Fcomments&post=3460"}],"version-history":[{"count":4,"href":"https:\/\/www.aede.ch\/index.php?rest_route=\/wp\/v2\/posts\/3460\/revisions"}],"predecessor-version":[{"id":3951,"href":"https:\/\/www.aede.ch\/index.php?rest_route=\/wp\/v2\/posts\/3460\/revisions\/3951"}],"wp:featuredmedia":[{"embeddable":true,"href":"https:\/\/www.aede.ch\/index.php?rest_route=\/wp\/v2\/media\/3461"}],"wp:attachment":[{"href":"https:\/\/www.aede.ch\/index.php?rest_route=%2Fwp%2Fv2%2Fmedia&parent=3460"}],"wp:term":[{"taxonomy":"category","embeddable":true,"href":"https:\/\/www.aede.ch\/index.php?rest_route=%2Fwp%2Fv2%2Fcategories&post=3460"},{"taxonomy":"post_tag","embeddable":true,"href":"https:\/\/www.aede.ch\/index.php?rest_route=%2Fwp%2Fv2%2Ftags&post=3460"}],"curies":[{"name":"wp","href":"https:\/\/api.w.org\/{rel}","templated":true}]}}