{"id":3448,"date":"2024-06-03T09:06:14","date_gmt":"2024-06-03T09:06:14","guid":{"rendered":"https:\/\/www.aede.ch\/?p=3448"},"modified":"2024-06-03T09:06:14","modified_gmt":"2024-06-03T09:06:14","slug":"francais-le-passe-simple","status":"publish","type":"post","link":"https:\/\/www.aede.ch\/?p=3448","title":{"rendered":"Fran\u00e7ais: le pass\u00e9 simple"},"content":{"rendered":"<p>1) L&rsquo;imparfait se forme \u00e0 partir de la base du verbe conjugu\u00e9 \u00e0 la\u00a01<sup>re<\/sup>\u00a0personne du pluriel au pr\u00e9sent + les terminaisons\u00a0<em><strong>-ais<\/strong><\/em>,\u00a0<em><strong>-ais<\/strong><\/em>,\u00a0<em><strong>-ait<\/strong><\/em>,\u00a0<em><strong>-ions<\/strong><\/em>,\u00a0<em><strong>-iez<\/strong><\/em>,\u00a0<em><strong>-aient<\/strong><\/em><\/p>\n<p>***<\/p>\n<p>2) Le pass\u00e9 simple se forme \u00e0 partir du radical de l&rsquo;infinitif pr\u00e9sent + les terminaisons selon les groupes de verbes.<\/p>\n<table border=\"1\" cellspacing=\"1\" cellpadding=\"1\">\n<tbody>\n<tr>\n<td><strong>Personne<\/strong><\/td>\n<td><strong>Groupe en -er<\/strong><\/td>\n<td><strong>Groupe en -ir<\/strong><\/td>\n<td><strong>Groupe en -re<\/strong><\/td>\n<\/tr>\n<tr>\n<td>je\/j&rsquo;<\/td>\n<td>aim<strong>ai<\/strong><\/td>\n<td>fin<strong>is<\/strong><\/td>\n<td>vend<strong>is<\/strong><\/td>\n<\/tr>\n<tr>\n<td>tu<\/td>\n<td>aim<strong>as<\/strong><\/td>\n<td>fin<strong>is<\/strong><\/td>\n<td>vend<strong>is<\/strong><\/td>\n<\/tr>\n<tr>\n<td>il\/elle\/on<\/td>\n<td>aim<strong>a<\/strong><\/td>\n<td>fin<strong>it<\/strong><\/td>\n<td>vend<strong>it<\/strong><\/td>\n<\/tr>\n<tr>\n<td>nous<\/td>\n<td>aim<strong>\u00e2mes<\/strong><\/td>\n<td>fin<strong>\u00eemes<\/strong><\/td>\n<td>vend<strong>\u00eemes<\/strong><\/td>\n<\/tr>\n<tr>\n<td>vous<\/td>\n<td>aim<strong>\u00e2tes<\/strong><\/td>\n<td>fin<strong>\u00eetes<\/strong><\/td>\n<td>vend<strong>\u00eetes<\/strong><\/td>\n<\/tr>\n<tr>\n<td>ils\/elles<\/td>\n<td>aim<strong>\u00e8rent<\/strong><\/td>\n<td>fin<strong>irent<\/strong><\/td>\n<td>vend<strong>irent<\/strong><\/td>\n<\/tr>\n<\/tbody>\n<\/table>\n<p>&#8211; Avoir et \u00catre sont\u00a0<strong>irr\u00e9guliers<\/strong>.<\/p>\n<table border=\"1\" cellspacing=\"1\" cellpadding=\"1\">\n<tbody>\n<tr>\n<td><strong>avoir<\/strong><\/td>\n<td><strong>\u00eatre<\/strong><\/td>\n<\/tr>\n<tr>\n<td>j&rsquo;eus<\/td>\n<td>je fus<\/td>\n<\/tr>\n<tr>\n<td>tu eus<\/td>\n<td>tu fus<\/td>\n<\/tr>\n<tr>\n<td>il\/elle\/on eut<\/td>\n<td>il\/elle\/on fut<\/td>\n<\/tr>\n<tr>\n<td>nous e\u00fbmes<\/td>\n<td>nous f\u00fbmes<\/td>\n<\/tr>\n<tr>\n<td>vous e\u00fbtes<\/td>\n<td>vous f\u00fbtes<\/td>\n<\/tr>\n<tr>\n<td>ils\/elles eurent<\/td>\n<td>ils\/elles furent<\/td>\n<\/tr>\n<\/tbody>\n<\/table>\n<p>&nbsp;<br \/>\n<iframe loading=\"lazy\" id=\"serie-embeded\" width=\"750\" height=\"750\" src=\"https:\/\/apprendre.tv5monde.com\/fr\/exercices\/b2-avance\/embed\/chocolat-un-arriere-gout-de-politique\" frameborder=\"0\"><\/iframe><br \/>\n<!-- START Kaya QR Code Generator --><div class=\"wpkqcg_qrcode_wrapper\"><input type=\"hidden\" id=\"wpkqcg_qrcode_outputimg_316a965b5a103d321_ecclevel\" value=\"L\" \/><input type=\"hidden\" id=\"wpkqcg_qrcode_outputimg_316a965b5a103d321_size\" value=\"\" \/><input type=\"hidden\" id=\"wpkqcg_qrcode_outputimg_316a965b5a103d321_color\" value=\"\" \/><input type=\"hidden\" id=\"wpkqcg_qrcode_outputimg_316a965b5a103d321_bgcolor\" value=\"\" \/><input type=\"hidden\" id=\"wpkqcg_qrcode_outputimg_316a965b5a103d321_content\" value=\"https:\/\/www.aede.ch\/index.php?rest_route=%2Fwp%2Fv2%2Fposts%2F3448\" \/><img src=\"\" id=\"wpkqcg_qrcode_outputimg_316a965b5a103d321\" alt=\"QR Code\" class=\"wpkqcg_qrcode\" style=\"width: auto; height: auto; max-width: 100%;\" ><div style=\"clear: none;\"><\/div><\/div><!-- END Kaya QR Code Generator --><\/p>\n","protected":false},"excerpt":{"rendered":"<p>1) L&rsquo;imparfait se forme \u00e0 partir de la base du verbe conjugu\u00e9 \u00e0 la\u00a01re\u00a0personne du pluriel au pr\u00e9sent + les terminaisons\u00a0-ais,\u00a0-ais,\u00a0-ait,\u00a0-ions,\u00a0-iez,\u00a0-aient *** 2) Le pass\u00e9 simple se forme \u00e0 partir du radical de l&rsquo;infinitif pr\u00e9sent + les terminaisons selon les groupes de verbes. Personne Groupe en -er Groupe en -ir Groupe en -re je\/j&rsquo; aimai&#8230;<\/p>\n<p class=\"more-link-wrap\"><a href=\"https:\/\/www.aede.ch\/?p=3448\" class=\"more-link\">Lire davantage:<span class=\"screen-reader-text\"> &ldquo;Fran\u00e7ais: le pass\u00e9 simple&rdquo;<\/span> &raquo;<\/a><\/p>\n","protected":false},"author":1,"featured_media":3449,"comment_status":"closed","ping_status":"closed","sticky":false,"template":"","format":"standard","meta":[],"categories":[17,29,3],"tags":[],"_links":{"self":[{"href":"https:\/\/www.aede.ch\/index.php?rest_route=\/wp\/v2\/posts\/3448"}],"collection":[{"href":"https:\/\/www.aede.ch\/index.php?rest_route=\/wp\/v2\/posts"}],"about":[{"href":"https:\/\/www.aede.ch\/index.php?rest_route=\/wp\/v2\/types\/post"}],"author":[{"embeddable":true,"href":"https:\/\/www.aede.ch\/index.php?rest_route=\/wp\/v2\/users\/1"}],"replies":[{"embeddable":true,"href":"https:\/\/www.aede.ch\/index.php?rest_route=%2Fwp%2Fv2%2Fcomments&post=3448"}],"version-history":[{"count":1,"href":"https:\/\/www.aede.ch\/index.php?rest_route=\/wp\/v2\/posts\/3448\/revisions"}],"predecessor-version":[{"id":3450,"href":"https:\/\/www.aede.ch\/index.php?rest_route=\/wp\/v2\/posts\/3448\/revisions\/3450"}],"wp:featuredmedia":[{"embeddable":true,"href":"https:\/\/www.aede.ch\/index.php?rest_route=\/wp\/v2\/media\/3449"}],"wp:attachment":[{"href":"https:\/\/www.aede.ch\/index.php?rest_route=%2Fwp%2Fv2%2Fmedia&parent=3448"}],"wp:term":[{"taxonomy":"category","embeddable":true,"href":"https:\/\/www.aede.ch\/index.php?rest_route=%2Fwp%2Fv2%2Fcategories&post=3448"},{"taxonomy":"post_tag","embeddable":true,"href":"https:\/\/www.aede.ch\/index.php?rest_route=%2Fwp%2Fv2%2Ftags&post=3448"}],"curies":[{"name":"wp","href":"https:\/\/api.w.org\/{rel}","templated":true}]}}