{"id":3325,"date":"2024-04-24T12:01:34","date_gmt":"2024-04-24T12:01:34","guid":{"rendered":"https:\/\/www.aede.ch\/?p=3325"},"modified":"2024-04-27T11:44:05","modified_gmt":"2024-04-27T11:44:05","slug":"radio-identite-et-socialisation-en-suisse","status":"publish","type":"post","link":"https:\/\/www.aede.ch\/?p=3325","title":{"rendered":"Radio: racisme et in\u00e9galit\u00e9s en Suisse"},"content":{"rendered":"<!--[if lt IE 9]><script>document.createElement('audio');<\/script><![endif]-->\n<audio class=\"wp-audio-shortcode\" id=\"audio-3325-1\" preload=\"none\" style=\"width: 100%;\" controls=\"controls\"><source type=\"audio\/mpeg\" src=\"https:\/\/www.aede.ch\/wp-content\/uploads\/2024\/04\/FP-FM-Statistiques.m4a?_=1\" \/><a href=\"https:\/\/www.aede.ch\/wp-content\/uploads\/2024\/04\/FP-FM-Statistiques.m4a\">https:\/\/www.aede.ch\/wp-content\/uploads\/2024\/04\/FP-FM-Statistiques.m4a<\/a><\/audio>\n<p>Musiques choisies par les apprenants:<br \/>\n<iframe loading=\"lazy\" title=\"YouTube video player\" src=\"https:\/\/www.youtube.com\/embed\/videoseries?si=LkxBfN30LCFOSLCT&amp;list=PL6v-dhfdef3s111i9YpBFTfvqNGxwG3St\" width=\"560\" height=\"315\" frameborder=\"0\" allowfullscreen=\"allowfullscreen\"><\/iframe><\/p>\n<p>Th\u00e8mes:<br \/>\n&#8211; Les in\u00e9galit\u00e9s salariales en Suisse<br \/>\n&#8211; Le racisme en Suisse<\/p>\n<!-- START Kaya QR Code Generator --><div class=\"wpkqcg_qrcode_wrapper\"><input type=\"hidden\" id=\"wpkqcg_qrcode_outputimg_226a965d5b42b1554_ecclevel\" value=\"L\" \/><input type=\"hidden\" id=\"wpkqcg_qrcode_outputimg_226a965d5b42b1554_size\" value=\"\" \/><input type=\"hidden\" id=\"wpkqcg_qrcode_outputimg_226a965d5b42b1554_color\" value=\"\" \/><input type=\"hidden\" id=\"wpkqcg_qrcode_outputimg_226a965d5b42b1554_bgcolor\" value=\"\" \/><input type=\"hidden\" id=\"wpkqcg_qrcode_outputimg_226a965d5b42b1554_content\" value=\"https:\/\/www.aede.ch\/index.php?rest_route=%2Fwp%2Fv2%2Fposts%2F3325\" \/><img src=\"\" id=\"wpkqcg_qrcode_outputimg_226a965d5b42b1554\" alt=\"QR Code\" class=\"wpkqcg_qrcode\" style=\"width: auto; height: auto; max-width: 100%;\" ><div style=\"clear: none;\"><\/div><\/div><!-- END Kaya QR Code Generator -->\n","protected":false},"excerpt":{"rendered":"<p>Musiques choisies par les apprenants: Th\u00e8mes: &#8211; Les in\u00e9galit\u00e9s salariales en Suisse &#8211; Le racisme en Suisse<\/p>\n","protected":false},"author":1,"featured_media":3328,"comment_status":"closed","ping_status":"closed","sticky":false,"template":"","format":"standard","meta":[],"categories":[26,32,51,48,50,52,49,34],"tags":[],"_links":{"self":[{"href":"https:\/\/www.aede.ch\/index.php?rest_route=\/wp\/v2\/posts\/3325"}],"collection":[{"href":"https:\/\/www.aede.ch\/index.php?rest_route=\/wp\/v2\/posts"}],"about":[{"href":"https:\/\/www.aede.ch\/index.php?rest_route=\/wp\/v2\/types\/post"}],"author":[{"embeddable":true,"href":"https:\/\/www.aede.ch\/index.php?rest_route=\/wp\/v2\/users\/1"}],"replies":[{"embeddable":true,"href":"https:\/\/www.aede.ch\/index.php?rest_route=%2Fwp%2Fv2%2Fcomments&post=3325"}],"version-history":[{"count":3,"href":"https:\/\/www.aede.ch\/index.php?rest_route=\/wp\/v2\/posts\/3325\/revisions"}],"predecessor-version":[{"id":3359,"href":"https:\/\/www.aede.ch\/index.php?rest_route=\/wp\/v2\/posts\/3325\/revisions\/3359"}],"wp:featuredmedia":[{"embeddable":true,"href":"https:\/\/www.aede.ch\/index.php?rest_route=\/wp\/v2\/media\/3328"}],"wp:attachment":[{"href":"https:\/\/www.aede.ch\/index.php?rest_route=%2Fwp%2Fv2%2Fmedia&parent=3325"}],"wp:term":[{"taxonomy":"category","embeddable":true,"href":"https:\/\/www.aede.ch\/index.php?rest_route=%2Fwp%2Fv2%2Fcategories&post=3325"},{"taxonomy":"post_tag","embeddable":true,"href":"https:\/\/www.aede.ch\/index.php?rest_route=%2Fwp%2Fv2%2Ftags&post=3325"}],"curies":[{"name":"wp","href":"https:\/\/api.w.org\/{rel}","templated":true}]}}