{"id":3309,"date":"2024-04-24T11:46:36","date_gmt":"2024-04-24T11:46:36","guid":{"rendered":"https:\/\/www.aede.ch\/?p=3309"},"modified":"2024-12-10T10:10:35","modified_gmt":"2024-12-10T10:10:35","slug":"identite-socialisation-professionnelle","status":"publish","type":"post","link":"https:\/\/www.aede.ch\/?p=3309","title":{"rendered":"Identit\u00e9 &#038; socialisation professionnelle"},"content":{"rendered":"<p>Pr\u00e9sentation du restaurant de Bussigny: film collectif.<\/p>\n<p><iframe loading=\"lazy\" title=\"YouTube video player\" src=\"https:\/\/www.youtube.com\/embed\/QtqJdPRB-Co?si=yEBElBs-6WjK5BZm\" width=\"560\" height=\"315\" frameborder=\"0\" allowfullscreen=\"allowfullscreen\"><\/iframe><\/p>\n<p><em>Images et musiques enti\u00e8rement r\u00e9alis\u00e9es dans le cadre des cours.<\/em><\/p>\n<div id=\"dflip_post_meta_box_shortcode\" class=\"postbox \">\n<div class=\"inside\">\n<div class=\"dflip-tabs normal-tabs\">\n<div id=\"dflip-tab-content-normal\" class=\"dflip-tab-content dflip-active\"><code><\/code><\/div>\n<\/div>\n<\/div>\n<\/div>\n<div id=\"submitdiv\" class=\"postbox \">\n<div class=\"postbox-header\">\n<div class=\"handle-actions hide-if-no-js\">Identit\u00e9 et socialisation professionnelle:<\/div>\n<\/div>\n<div><strong>La charte:<\/strong><\/div>\n<div>\n<div id=\"dflip_post_meta_box_shortcode\" class=\"postbox \">\n<div class=\"inside\">\n<div class=\"dflip-tabs normal-tabs\">\n<div id=\"dflip-tab-content-normal\" class=\"dflip-tab-content dflip-active\"><code><div class=\"_df_book df-lite\" id=\"df_3487\"  data-title=\"charte-bussigny\" _slug=\"charte-bussigny\" wpoptions=\"true\" thumbtype=\"bg\" ><p class=\"df-raw-loading\">Please wait while flipbook is loading. For more related info, FAQs and issues please refer to <a href=\"https:\/\/wordpress.org\/plugins\/3d-flipbook-dflip-lite\/#installation\">DearFlip WordPress Flipbook Plugin Help<\/a> documentation.<\/p><\/div><script class=\"df-shortcode-script\" type=\"application\/javascript\">window.option_df_3487 = {\"outline\":[],\"forceFit\":\"true\",\"autoEnableOutline\":\"false\",\"autoEnableThumbnail\":\"false\",\"overwritePDFOutline\":\"false\",\"direction\":\"1\",\"pageSize\":\"0\",\"source\":\"https:\\\/\\\/www.aede.ch\\\/wp-content\\\/uploads\\\/2024\\\/08\\\/Charte-Bussigny-2024.pdf\",\"wpOptions\":\"true\"}; if(window.DFLIP && window.DFLIP.parseBooks){window.DFLIP.parseBooks();}<\/script><\/code><\/div>\n<\/div>\n<\/div>\n<\/div>\n<div id=\"submitdiv\" class=\"postbox \">\n<div class=\"postbox-header\">\n<div class=\"handle-actions hide-if-no-js\"><\/div>\n<\/div>\n<\/div>\n<\/div>\n<\/div>\n<p><strong>Les podcasts: discussions autour de th\u00e8mes de soci\u00e9t\u00e9<\/strong><\/p>\n<p><em>Les diff\u00e9rentes formes de racismes en Suisse:<\/em><\/p>\n<!--[if lt IE 9]><script>document.createElement('audio');<\/script><![endif]-->\n<audio class=\"wp-audio-shortcode\" id=\"audio-3309-1\" preload=\"none\" style=\"width: 100%;\" controls=\"controls\"><source type=\"audio\/mpeg\" src=\"https:\/\/www.aede.ch\/wp-content\/uploads\/2024\/04\/COFOP-FM-Vendredi-Racismes-et-statistiques.m4a?_=1\" \/><a href=\"https:\/\/www.aede.ch\/wp-content\/uploads\/2024\/04\/COFOP-FM-Vendredi-Racismes-et-statistiques.m4a\">https:\/\/www.aede.ch\/wp-content\/uploads\/2024\/04\/COFOP-FM-Vendredi-Racismes-et-statistiques.m4a<\/a><\/audio>\n<p><em>Le racisme en Suisse, les cyberd\u00e9pendances et la loi sur l&rsquo;\u00e9galit\u00e9:<\/em><\/p>\n<audio class=\"wp-audio-shortcode\" id=\"audio-3309-2\" preload=\"none\" style=\"width: 100%;\" controls=\"controls\"><source type=\"audio\/mpeg\" src=\"https:\/\/www.aede.ch\/wp-content\/uploads\/2024\/04\/COFOP-FM-Lundi-25-mars-Racisme-Cyberde\u0301pendances-et-LEG.m4a?_=2\" \/><a href=\"https:\/\/www.aede.ch\/wp-content\/uploads\/2024\/04\/COFOP-FM-Lundi-25-mars-Racisme-Cyberde\u0301pendances-et-LEG.m4a\">https:\/\/www.aede.ch\/wp-content\/uploads\/2024\/04\/COFOP-FM-Lundi-25-mars-Racisme-Cyberde\u0301pendances-et-LEG.m4a<\/a><\/audio>\n<p><em>Les in\u00e9galit\u00e9s salariales en Suisse:<\/em><\/p>\n<audio class=\"wp-audio-shortcode\" id=\"audio-3309-3\" preload=\"none\" style=\"width: 100%;\" controls=\"controls\"><source type=\"audio\/mpeg\" src=\"https:\/\/www.aede.ch\/wp-content\/uploads\/2024\/04\/COFOP-FM-Lundi-les-ine\u0301galite\u0301s-salariales.m4a?_=3\" \/><a href=\"https:\/\/www.aede.ch\/wp-content\/uploads\/2024\/04\/COFOP-FM-Lundi-les-ine\u0301galite\u0301s-salariales.m4a\">https:\/\/www.aede.ch\/wp-content\/uploads\/2024\/04\/COFOP-FM-Lundi-les-ine\u0301galite\u0301s-salariales.m4a<\/a><\/audio>\n<p><strong>Expos\u00e9s individuels au format vid\u00e9o sur des th\u00e8mes de soci\u00e9t\u00e9:<\/strong><\/p>\n<p><iframe loading=\"lazy\" title=\"YouTube video player\" src=\"https:\/\/www.youtube.com\/embed\/videoseries?si=dKPJOf_HdjGGFC3-&amp;list=PL6v-dhfdef3suEhh9p3nDq7_6Ow2w3xIg\" width=\"560\" height=\"315\" frameborder=\"0\" allowfullscreen=\"allowfullscreen\"><\/iframe><\/p>\n<p><strong>Discussions autour des valeurs individuelles et partag\u00e9es:<\/strong><\/p>\n<p><img loading=\"lazy\" class=\"aligncenter wp-image-3323 size-large\" src=\"https:\/\/www.aede.ch\/wp-content\/uploads\/2024\/04\/IMG_1372-Grande-1024x862.jpeg\" alt=\"\" width=\"650\" height=\"547\" srcset=\"https:\/\/www.aede.ch\/wp-content\/uploads\/2024\/04\/IMG_1372-Grande-1024x862.jpeg 1024w, https:\/\/www.aede.ch\/wp-content\/uploads\/2024\/04\/IMG_1372-Grande-300x252.jpeg 300w, https:\/\/www.aede.ch\/wp-content\/uploads\/2024\/04\/IMG_1372-Grande-768x646.jpeg 768w, https:\/\/www.aede.ch\/wp-content\/uploads\/2024\/04\/IMG_1372-Grande.jpeg 1280w\" sizes=\"(max-width: 650px) 100vw, 650px\" \/><br \/>\n<img loading=\"lazy\" class=\"aligncenter wp-image-3318 size-large\" src=\"https:\/\/www.aede.ch\/wp-content\/uploads\/2024\/04\/IMG_1381-Grande-1024x379.jpeg\" alt=\"\" width=\"650\" height=\"241\" srcset=\"https:\/\/www.aede.ch\/wp-content\/uploads\/2024\/04\/IMG_1381-Grande-1024x379.jpeg 1024w, https:\/\/www.aede.ch\/wp-content\/uploads\/2024\/04\/IMG_1381-Grande-300x111.jpeg 300w, https:\/\/www.aede.ch\/wp-content\/uploads\/2024\/04\/IMG_1381-Grande-768x284.jpeg 768w, https:\/\/www.aede.ch\/wp-content\/uploads\/2024\/04\/IMG_1381-Grande.jpeg 1280w\" sizes=\"(max-width: 650px) 100vw, 650px\" \/><\/p>\n<p><img loading=\"lazy\" class=\"aligncenter wp-image-3319 size-large\" src=\"https:\/\/www.aede.ch\/wp-content\/uploads\/2024\/04\/IMG_1380-Grande-1024x834.jpeg\" alt=\"\" width=\"650\" height=\"529\" srcset=\"https:\/\/www.aede.ch\/wp-content\/uploads\/2024\/04\/IMG_1380-Grande-1024x834.jpeg 1024w, https:\/\/www.aede.ch\/wp-content\/uploads\/2024\/04\/IMG_1380-Grande-300x244.jpeg 300w, https:\/\/www.aede.ch\/wp-content\/uploads\/2024\/04\/IMG_1380-Grande-768x625.jpeg 768w, https:\/\/www.aede.ch\/wp-content\/uploads\/2024\/04\/IMG_1380-Grande.jpeg 1280w\" sizes=\"(max-width: 650px) 100vw, 650px\" \/><\/p>\n<p><img loading=\"lazy\" class=\"aligncenter wp-image-3337 size-large\" src=\"https:\/\/www.aede.ch\/wp-content\/uploads\/2024\/04\/IMG_1389-1013x1024.jpeg\" alt=\"\" width=\"650\" height=\"657\" srcset=\"https:\/\/www.aede.ch\/wp-content\/uploads\/2024\/04\/IMG_1389-1013x1024.jpeg 1013w, https:\/\/www.aede.ch\/wp-content\/uploads\/2024\/04\/IMG_1389-297x300.jpeg 297w, https:\/\/www.aede.ch\/wp-content\/uploads\/2024\/04\/IMG_1389-768x776.jpeg 768w, https:\/\/www.aede.ch\/wp-content\/uploads\/2024\/04\/IMG_1389-1520x1536.jpeg 1520w, https:\/\/www.aede.ch\/wp-content\/uploads\/2024\/04\/IMG_1389-2027x2048.jpeg 2027w\" sizes=\"(max-width: 650px) 100vw, 650px\" \/><\/p>\n<p><img loading=\"lazy\" class=\"aligncenter wp-image-3321 size-large\" src=\"https:\/\/www.aede.ch\/wp-content\/uploads\/2024\/04\/IMG_1374-Grande-968x1024.jpeg\" alt=\"\" width=\"650\" height=\"688\" srcset=\"https:\/\/www.aede.ch\/wp-content\/uploads\/2024\/04\/IMG_1374-Grande-968x1024.jpeg 968w, https:\/\/www.aede.ch\/wp-content\/uploads\/2024\/04\/IMG_1374-Grande-284x300.jpeg 284w, https:\/\/www.aede.ch\/wp-content\/uploads\/2024\/04\/IMG_1374-Grande-768x812.jpeg 768w, https:\/\/www.aede.ch\/wp-content\/uploads\/2024\/04\/IMG_1374-Grande.jpeg 1210w\" sizes=\"(max-width: 650px) 100vw, 650px\" \/><\/p>\n<p><strong>Nos besoins:<\/strong><\/p>\n<p><img loading=\"lazy\" class=\"aligncenter wp-image-3341 size-large\" src=\"https:\/\/www.aede.ch\/wp-content\/uploads\/2024\/04\/IMG_1390-1024x314.jpeg\" alt=\"\" width=\"650\" height=\"199\" srcset=\"https:\/\/www.aede.ch\/wp-content\/uploads\/2024\/04\/IMG_1390-1024x314.jpeg 1024w, https:\/\/www.aede.ch\/wp-content\/uploads\/2024\/04\/IMG_1390-300x92.jpeg 300w, https:\/\/www.aede.ch\/wp-content\/uploads\/2024\/04\/IMG_1390-768x236.jpeg 768w, https:\/\/www.aede.ch\/wp-content\/uploads\/2024\/04\/IMG_1390-1536x471.jpeg 1536w, https:\/\/www.aede.ch\/wp-content\/uploads\/2024\/04\/IMG_1390-2048x628.jpeg 2048w\" sizes=\"(max-width: 650px) 100vw, 650px\" \/><\/p>\n<p><img loading=\"lazy\" class=\"aligncenter wp-image-3376 size-large\" src=\"https:\/\/www.aede.ch\/wp-content\/uploads\/2024\/04\/IMG_1392-1024x379.jpeg\" alt=\"\" width=\"650\" height=\"241\" srcset=\"https:\/\/www.aede.ch\/wp-content\/uploads\/2024\/04\/IMG_1392-1024x379.jpeg 1024w, https:\/\/www.aede.ch\/wp-content\/uploads\/2024\/04\/IMG_1392-300x111.jpeg 300w, https:\/\/www.aede.ch\/wp-content\/uploads\/2024\/04\/IMG_1392-768x284.jpeg 768w, https:\/\/www.aede.ch\/wp-content\/uploads\/2024\/04\/IMG_1392-1536x568.jpeg 1536w, https:\/\/www.aede.ch\/wp-content\/uploads\/2024\/04\/IMG_1392-2048x758.jpeg 2048w\" sizes=\"(max-width: 650px) 100vw, 650px\" \/><\/p>\n<p><img loading=\"lazy\" class=\"aligncenter wp-image-3375 size-large\" src=\"https:\/\/www.aede.ch\/wp-content\/uploads\/2024\/04\/IMG_1393-1024x229.jpeg\" alt=\"\" width=\"650\" height=\"145\" srcset=\"https:\/\/www.aede.ch\/wp-content\/uploads\/2024\/04\/IMG_1393-1024x229.jpeg 1024w, https:\/\/www.aede.ch\/wp-content\/uploads\/2024\/04\/IMG_1393-300x67.jpeg 300w, https:\/\/www.aede.ch\/wp-content\/uploads\/2024\/04\/IMG_1393-768x172.jpeg 768w, https:\/\/www.aede.ch\/wp-content\/uploads\/2024\/04\/IMG_1393-1536x344.jpeg 1536w, https:\/\/www.aede.ch\/wp-content\/uploads\/2024\/04\/IMG_1393-2048x459.jpeg 2048w\" sizes=\"(max-width: 650px) 100vw, 650px\" \/><\/p>\n<p><img loading=\"lazy\" class=\"aligncenter wp-image-3315 size-large\" src=\"https:\/\/www.aede.ch\/wp-content\/uploads\/2024\/04\/IMG_1384-Grande-932x1024.jpeg\" alt=\"\" width=\"650\" height=\"714\" srcset=\"https:\/\/www.aede.ch\/wp-content\/uploads\/2024\/04\/IMG_1384-Grande-932x1024.jpeg 932w, https:\/\/www.aede.ch\/wp-content\/uploads\/2024\/04\/IMG_1384-Grande-273x300.jpeg 273w, https:\/\/www.aede.ch\/wp-content\/uploads\/2024\/04\/IMG_1384-Grande-768x844.jpeg 768w, https:\/\/www.aede.ch\/wp-content\/uploads\/2024\/04\/IMG_1384-Grande.jpeg 1165w\" sizes=\"(max-width: 650px) 100vw, 650px\" \/><\/p>\n<p>&nbsp;<\/p>\n<p><img loading=\"lazy\" class=\"aligncenter wp-image-3314 size-large\" src=\"https:\/\/www.aede.ch\/wp-content\/uploads\/2024\/04\/IMG_1385-Grande-847x1024.jpeg\" alt=\"\" width=\"650\" height=\"786\" srcset=\"https:\/\/www.aede.ch\/wp-content\/uploads\/2024\/04\/IMG_1385-Grande-847x1024.jpeg 847w, https:\/\/www.aede.ch\/wp-content\/uploads\/2024\/04\/IMG_1385-Grande-248x300.jpeg 248w, https:\/\/www.aede.ch\/wp-content\/uploads\/2024\/04\/IMG_1385-Grande-768x928.jpeg 768w, https:\/\/www.aede.ch\/wp-content\/uploads\/2024\/04\/IMG_1385-Grande.jpeg 1059w\" sizes=\"(max-width: 650px) 100vw, 650px\" \/><\/p>\n<p><strong>Nos m\u00e9tiers:<\/strong><br \/>\nL&rsquo;intendance:<br \/>\n<iframe loading=\"lazy\" title=\"YouTube video player\" src=\"https:\/\/www.youtube.com\/embed\/videoseries?si=Px5osEN6ocs7_Z9m&amp;list=PL4QUVmw11Y6NgPwp2dX_MUBfeR8HYGdC_\" width=\"560\" height=\"315\" frameborder=\"0\" allowfullscreen=\"allowfullscreen\"><\/iframe><\/p>\n<p>L&rsquo;enseignant:<br \/>\n<iframe loading=\"lazy\" title=\"YouTube video player\" src=\"https:\/\/www.youtube.com\/embed\/HV8DRe2PrAU?si=vWvyBkO0yKmuKJPt\" width=\"560\" height=\"315\" frameborder=\"0\" allowfullscreen=\"allowfullscreen\"><\/iframe><\/p>\n<p><code><div class=\"_df_book df-lite\" id=\"df_3379\"  data-title=\"identite-et-socialisation-professionnelle\" _slug=\"identite-et-socialisation-professionnelle\" wpoptions=\"true\" thumbtype=\"bg\" ><p class=\"df-raw-loading\">Please wait while flipbook is loading. For more related info, FAQs and issues please refer to <a href=\"https:\/\/wordpress.org\/plugins\/3d-flipbook-dflip-lite\/#installation\">DearFlip WordPress Flipbook Plugin Help<\/a> documentation.<\/p><\/div><script class=\"df-shortcode-script\" type=\"application\/javascript\">window.option_df_3379 = {\"outline\":[],\"forceFit\":\"true\",\"autoEnableOutline\":\"false\",\"autoEnableThumbnail\":\"false\",\"overwritePDFOutline\":\"false\",\"direction\":\"1\",\"pageSize\":\"0\",\"source\":\"https:\\\/\\\/www.aede.ch\\\/wp-content\\\/uploads\\\/2024\\\/04\\\/Identite-et-socialisation-professionnelle-Presentation-E-F.pdf\",\"wpOptions\":\"true\"}; if(window.DFLIP && window.DFLIP.parseBooks){window.DFLIP.parseBooks();}<\/script><\/code><\/p>\n<!-- START Kaya QR Code Generator --><div class=\"wpkqcg_qrcode_wrapper\"><input type=\"hidden\" id=\"wpkqcg_qrcode_outputimg_06a9657283906d66_ecclevel\" value=\"L\" \/><input type=\"hidden\" id=\"wpkqcg_qrcode_outputimg_06a9657283906d66_size\" value=\"\" \/><input type=\"hidden\" id=\"wpkqcg_qrcode_outputimg_06a9657283906d66_color\" value=\"\" \/><input type=\"hidden\" id=\"wpkqcg_qrcode_outputimg_06a9657283906d66_bgcolor\" value=\"\" \/><input type=\"hidden\" id=\"wpkqcg_qrcode_outputimg_06a9657283906d66_content\" value=\"https:\/\/www.aede.ch\/index.php?rest_route=%2Fwp%2Fv2%2Fposts%2F3309\" \/><img src=\"\" id=\"wpkqcg_qrcode_outputimg_06a9657283906d66\" alt=\"QR Code\" class=\"wpkqcg_qrcode\" style=\"width: auto; height: auto; max-width: 100%;\" ><div style=\"clear: none;\"><\/div><\/div><!-- END Kaya QR Code Generator -->\n","protected":false},"excerpt":{"rendered":"<p>Pr\u00e9sentation du restaurant de Bussigny: film collectif. Images et musiques enti\u00e8rement r\u00e9alis\u00e9es dans le cadre des cours. Identit\u00e9 et socialisation professionnelle: La charte: Les podcasts: discussions autour de th\u00e8mes de soci\u00e9t\u00e9 Les diff\u00e9rentes formes de racismes en Suisse: Le racisme en Suisse, les cyberd\u00e9pendances et la loi sur l&rsquo;\u00e9galit\u00e9: Les in\u00e9galit\u00e9s salariales en Suisse: Expos\u00e9s&#8230;<\/p>\n<p class=\"more-link-wrap\"><a href=\"https:\/\/www.aede.ch\/?p=3309\" class=\"more-link\">Lire davantage:<span class=\"screen-reader-text\"> &ldquo;Identit\u00e9 &#038; socialisation professionnelle&rdquo;<\/span> &raquo;<\/a><\/p>\n","protected":false},"author":1,"featured_media":3610,"comment_status":"closed","ping_status":"closed","sticky":true,"template":"","format":"standard","meta":[],"categories":[16,26,17,32,51,48,50,2,52,54,34,46,21,53],"tags":[],"_links":{"self":[{"href":"https:\/\/www.aede.ch\/index.php?rest_route=\/wp\/v2\/posts\/3309"}],"collection":[{"href":"https:\/\/www.aede.ch\/index.php?rest_route=\/wp\/v2\/posts"}],"about":[{"href":"https:\/\/www.aede.ch\/index.php?rest_route=\/wp\/v2\/types\/post"}],"author":[{"embeddable":true,"href":"https:\/\/www.aede.ch\/index.php?rest_route=\/wp\/v2\/users\/1"}],"replies":[{"embeddable":true,"href":"https:\/\/www.aede.ch\/index.php?rest_route=%2Fwp%2Fv2%2Fcomments&post=3309"}],"version-history":[{"count":12,"href":"https:\/\/www.aede.ch\/index.php?rest_route=\/wp\/v2\/posts\/3309\/revisions"}],"predecessor-version":[{"id":3490,"href":"https:\/\/www.aede.ch\/index.php?rest_route=\/wp\/v2\/posts\/3309\/revisions\/3490"}],"wp:featuredmedia":[{"embeddable":true,"href":"https:\/\/www.aede.ch\/index.php?rest_route=\/wp\/v2\/media\/3610"}],"wp:attachment":[{"href":"https:\/\/www.aede.ch\/index.php?rest_route=%2Fwp%2Fv2%2Fmedia&parent=3309"}],"wp:term":[{"taxonomy":"category","embeddable":true,"href":"https:\/\/www.aede.ch\/index.php?rest_route=%2Fwp%2Fv2%2Fcategories&post=3309"},{"taxonomy":"post_tag","embeddable":true,"href":"https:\/\/www.aede.ch\/index.php?rest_route=%2Fwp%2Fv2%2Ftags&post=3309"}],"curies":[{"name":"wp","href":"https:\/\/api.w.org\/{rel}","templated":true}]}}