{"id":3248,"date":"2024-04-06T11:40:27","date_gmt":"2024-04-06T11:40:27","guid":{"rendered":"https:\/\/www.aede.ch\/?p=3248"},"modified":"2024-05-06T15:42:23","modified_gmt":"2024-05-06T15:42:23","slug":"cuisine-deontologie-professionnelle","status":"publish","type":"post","link":"https:\/\/www.aede.ch\/?p=3248","title":{"rendered":"Cuisine: d\u00e9ontologie professionnelle"},"content":{"rendered":"<p>Auguste Escoffier et la gastronomie moderne (Documentaire arte.tv):<br \/>\n<iframe loading=\"lazy\" title=\"YouTube video player\" src=\"https:\/\/www.youtube.com\/embed\/CUfSpgMgt4k?si=8tBFwGhpMkrft5Pa\" width=\"560\" height=\"315\" frameborder=\"0\" allowfullscreen=\"allowfullscreen\"><\/iframe><br \/>\n<a href=\"https:\/\/boutique.arte.tv\/detail\/auguste_escoffier_ou_la_naissance_de_la_gastronomie_moderne\" target=\"_blank\" rel=\"noopener\">https:\/\/boutique.arte.tv\/detail\/auguste_escoffier_ou_la_naissance_de_la_gastronomie_moderne<\/a><\/p>\n<p>La d\u00e9ontologie professionnelle depuis Auguste Escoffier jusqu&rsquo;\u00e0 nos jours. Travail coop\u00e9ratif r\u00e9alis\u00e9 par Endrit, Ibrahim et Loris:<\/p>\n<p><img loading=\"lazy\" class=\"aligncenter wp-image-3395 size-large\" src=\"https:\/\/www.aede.ch\/wp-content\/uploads\/2024\/04\/de\u0301ontologie-professionnelle-1024x478.png\" alt=\"\" width=\"650\" height=\"303\" srcset=\"https:\/\/www.aede.ch\/wp-content\/uploads\/2024\/04\/de\u0301ontologie-professionnelle-1024x478.png 1024w, https:\/\/www.aede.ch\/wp-content\/uploads\/2024\/04\/de\u0301ontologie-professionnelle-300x140.png 300w, https:\/\/www.aede.ch\/wp-content\/uploads\/2024\/04\/de\u0301ontologie-professionnelle-768x359.png 768w, https:\/\/www.aede.ch\/wp-content\/uploads\/2024\/04\/de\u0301ontologie-professionnelle-1536x717.png 1536w, https:\/\/www.aede.ch\/wp-content\/uploads\/2024\/04\/de\u0301ontologie-professionnelle.png 1835w\" sizes=\"(max-width: 650px) 100vw, 650px\" \/><\/p>\n<p><img loading=\"lazy\" class=\"alignnone wp-image-3401 size-large\" src=\"https:\/\/www.aede.ch\/wp-content\/uploads\/2024\/04\/IMG_1401-844x1024.jpeg\" alt=\"\" width=\"650\" height=\"789\" srcset=\"https:\/\/www.aede.ch\/wp-content\/uploads\/2024\/04\/IMG_1401-844x1024.jpeg 844w, https:\/\/www.aede.ch\/wp-content\/uploads\/2024\/04\/IMG_1401-247x300.jpeg 247w, https:\/\/www.aede.ch\/wp-content\/uploads\/2024\/04\/IMG_1401-768x932.jpeg 768w, https:\/\/www.aede.ch\/wp-content\/uploads\/2024\/04\/IMG_1401-1266x1536.jpeg 1266w, https:\/\/www.aede.ch\/wp-content\/uploads\/2024\/04\/IMG_1401-1688x2048.jpeg 1688w\" sizes=\"(max-width: 650px) 100vw, 650px\" \/> <img loading=\"lazy\" class=\"aligncenter wp-image-3402 size-large\" src=\"https:\/\/www.aede.ch\/wp-content\/uploads\/2024\/04\/IMG_1400-853x1024.jpeg\" alt=\"\" width=\"650\" height=\"780\" srcset=\"https:\/\/www.aede.ch\/wp-content\/uploads\/2024\/04\/IMG_1400-853x1024.jpeg 853w, https:\/\/www.aede.ch\/wp-content\/uploads\/2024\/04\/IMG_1400-250x300.jpeg 250w, https:\/\/www.aede.ch\/wp-content\/uploads\/2024\/04\/IMG_1400-768x922.jpeg 768w, https:\/\/www.aede.ch\/wp-content\/uploads\/2024\/04\/IMG_1400-1279x1536.jpeg 1279w, https:\/\/www.aede.ch\/wp-content\/uploads\/2024\/04\/IMG_1400-1705x2048.jpeg 1705w\" sizes=\"(max-width: 650px) 100vw, 650px\" \/><\/p>\n<p>\u00ab\u00a0Point de vue\u00a0\u00bb \u2013 D\u00e9couverte d\u2019une brigade \u00e9toil\u00e9e (RTS &#8211; 52 minutes):<br \/>\n<iframe loading=\"lazy\" src=\"https:\/\/www.rts.ch\/play\/embed?urn=urn:rts:video:13961908&amp;startTime=1202&amp;subdivisions=false\" width=\"100%\" height=\"400\" allowfullscreen=\"allowfullscreen\"><\/iframe><\/p>\n<p>La cantine du futur: saine et durable (Arte Regards, 12.04.2024)<br \/>\n<iframe loading=\"lazy\" style=\"transition-duration: 0; transition-property: no; margin: 0 auto; position: relative; display: block; background-color: #000000;\" title=\"ARTE Regards\" src=\"https:\/\/www.arte.tv\/embeds\/fr\/118268-003-A?autoplay=false&amp;mute=0\" width=\"100%\" height=\"400\" frameborder=\"0\" scrolling=\"no\" allowfullscreen=\"allowfullscreen\"><\/iframe><\/p>\n<p>Une d\u00e9gustation de plats cuisin\u00e9s avec des produits invendus pour sensibiliser contre le gaspillage alimentaire (19h30, RTS, 22.09.2023)<br \/>\n<iframe loading=\"lazy\" src=\"https:\/\/www.rts.ch\/play\/embed?urn=urn:rts:video:14333399&amp;subdivisions=false\" width=\"100%\" height=\"400\" allowfullscreen=\"allowfullscreen\"><\/iframe><\/p>\n<p>Unhappy &#8211; Le bonheur et la gastronomie (Arte.tv)<br \/>\n<iframe loading=\"lazy\" style=\"transition-duration: 0; transition-property: no; margin: 0 auto; position: relative; display: block; background-color: #000000;\" title=\"Unhappy\" src=\"https:\/\/www.arte.tv\/embeds\/fr\/110195-006-A?autoplay=false&amp;mute=0\" width=\"100%\" height=\"400\" frameborder=\"0\" scrolling=\"no\" allowfullscreen=\"allowfullscreen\"><\/iframe><\/p>\n<p>Twist &#8211; Je suis ce que je mange (Arte.tv, 7.05.2023)<br \/>\n<iframe loading=\"lazy\" style=\"transition-duration: 0; transition-property: no; margin: 0 auto; position: relative; display: block; background-color: #000000;\" title=\"Twist\" src=\"https:\/\/www.arte.tv\/embeds\/fr\/110325-004-A?autoplay=false&amp;mute=0\" width=\"100%\" height=\"400\" frameborder=\"0\" scrolling=\"no\" allowfullscreen=\"allowfullscreen\"><\/iframe><\/p>\n<p>Couleur 3 Comedy Club &#8211; Nathana\u00ebl Rochat &#8211; Cauchemar en cuisine:<br \/>\n<iframe loading=\"lazy\" src=\"https:\/\/www.rts.ch\/play\/embed?urn=urn:rts:video:14525086&amp;subdivisions=false\" width=\"100%\" height=\"400\" allowfullscreen=\"allowfullscreen\"><\/iframe><\/p>\n<!-- START Kaya QR Code Generator --><div class=\"wpkqcg_qrcode_wrapper\"><input type=\"hidden\" id=\"wpkqcg_qrcode_outputimg_196a9656d86eb0d47_ecclevel\" value=\"L\" \/><input type=\"hidden\" id=\"wpkqcg_qrcode_outputimg_196a9656d86eb0d47_size\" value=\"\" \/><input type=\"hidden\" id=\"wpkqcg_qrcode_outputimg_196a9656d86eb0d47_color\" value=\"\" \/><input type=\"hidden\" id=\"wpkqcg_qrcode_outputimg_196a9656d86eb0d47_bgcolor\" value=\"\" \/><input type=\"hidden\" id=\"wpkqcg_qrcode_outputimg_196a9656d86eb0d47_content\" value=\"https:\/\/www.aede.ch\/index.php?rest_route=%2Fwp%2Fv2%2Fposts%2F3248\" \/><img src=\"\" id=\"wpkqcg_qrcode_outputimg_196a9656d86eb0d47\" alt=\"QR Code\" class=\"wpkqcg_qrcode\" style=\"width: auto; height: auto; max-width: 100%;\" ><div style=\"clear: none;\"><\/div><\/div><!-- END Kaya QR Code Generator -->\n","protected":false},"excerpt":{"rendered":"<p>Auguste Escoffier et la gastronomie moderne (Documentaire arte.tv): https:\/\/boutique.arte.tv\/detail\/auguste_escoffier_ou_la_naissance_de_la_gastronomie_moderne La d\u00e9ontologie professionnelle depuis Auguste Escoffier jusqu&rsquo;\u00e0 nos jours. Travail coop\u00e9ratif r\u00e9alis\u00e9 par Endrit, Ibrahim et Loris: \u00ab\u00a0Point de vue\u00a0\u00bb \u2013 D\u00e9couverte d\u2019une brigade \u00e9toil\u00e9e (RTS &#8211; 52 minutes): La cantine du futur: saine et durable (Arte Regards, 12.04.2024) Une d\u00e9gustation de plats cuisin\u00e9s avec des&#8230;<\/p>\n<p class=\"more-link-wrap\"><a href=\"https:\/\/www.aede.ch\/?p=3248\" class=\"more-link\">Lire davantage:<span class=\"screen-reader-text\"> &ldquo;Cuisine: d\u00e9ontologie professionnelle&rdquo;<\/span> &raquo;<\/a><\/p>\n","protected":false},"author":1,"featured_media":3249,"comment_status":"closed","ping_status":"closed","sticky":true,"template":"","format":"standard","meta":[],"categories":[26,32,23,45,50,2,52],"tags":[],"_links":{"self":[{"href":"https:\/\/www.aede.ch\/index.php?rest_route=\/wp\/v2\/posts\/3248"}],"collection":[{"href":"https:\/\/www.aede.ch\/index.php?rest_route=\/wp\/v2\/posts"}],"about":[{"href":"https:\/\/www.aede.ch\/index.php?rest_route=\/wp\/v2\/types\/post"}],"author":[{"embeddable":true,"href":"https:\/\/www.aede.ch\/index.php?rest_route=\/wp\/v2\/users\/1"}],"replies":[{"embeddable":true,"href":"https:\/\/www.aede.ch\/index.php?rest_route=%2Fwp%2Fv2%2Fcomments&post=3248"}],"version-history":[{"count":13,"href":"https:\/\/www.aede.ch\/index.php?rest_route=\/wp\/v2\/posts\/3248\/revisions"}],"predecessor-version":[{"id":3403,"href":"https:\/\/www.aede.ch\/index.php?rest_route=\/wp\/v2\/posts\/3248\/revisions\/3403"}],"wp:featuredmedia":[{"embeddable":true,"href":"https:\/\/www.aede.ch\/index.php?rest_route=\/wp\/v2\/media\/3249"}],"wp:attachment":[{"href":"https:\/\/www.aede.ch\/index.php?rest_route=%2Fwp%2Fv2%2Fmedia&parent=3248"}],"wp:term":[{"taxonomy":"category","embeddable":true,"href":"https:\/\/www.aede.ch\/index.php?rest_route=%2Fwp%2Fv2%2Fcategories&post=3248"},{"taxonomy":"post_tag","embeddable":true,"href":"https:\/\/www.aede.ch\/index.php?rest_route=%2Fwp%2Fv2%2Ftags&post=3248"}],"curies":[{"name":"wp","href":"https:\/\/api.w.org\/{rel}","templated":true}]}}