{"id":3149,"date":"2024-03-19T14:05:41","date_gmt":"2024-03-19T14:05:41","guid":{"rendered":"https:\/\/www.aede.ch\/?p=3149"},"modified":"2024-04-12T16:26:06","modified_gmt":"2024-04-12T16:26:06","slug":"statistiques-le-racisme-en-suisse","status":"publish","type":"post","link":"https:\/\/www.aede.ch\/?p=3149","title":{"rendered":"Identit\u00e9: le racisme en Suisse"},"content":{"rendered":"<div id=\"dflip-tab-content-normal\" class=\"dflip-tab-content dflip-active\"><code><div class=\"_df_book df-lite\" id=\"df_3158\"  data-title=\"racisme-ch-2024\" _slug=\"racisme-ch-2024\" wpoptions=\"true\" thumbtype=\"bg\" ><p class=\"df-raw-loading\">Please wait while flipbook is loading. For more related info, FAQs and issues please refer to <a href=\"https:\/\/wordpress.org\/plugins\/3d-flipbook-dflip-lite\/#installation\">DearFlip WordPress Flipbook Plugin Help<\/a> documentation.<\/p><\/div><script class=\"df-shortcode-script\" type=\"application\/javascript\">window.option_df_3158 = {\"outline\":[],\"forceFit\":\"true\",\"autoEnableOutline\":\"false\",\"autoEnableThumbnail\":\"false\",\"overwritePDFOutline\":\"false\",\"direction\":\"1\",\"pageSize\":\"0\",\"source\":\"https:\\\/\\\/www.aede.ch\\\/wp-content\\\/uploads\\\/2024\\\/03\\\/Racisme-CH-2024.pdf\",\"wpOptions\":\"true\"}; if(window.DFLIP && window.DFLIP.parseBooks){window.DFLIP.parseBooks();}<\/script><\/code><\/div>\n<p>Le racisme en Suisse:<\/p>\n<p><a href=\"https:\/\/www.rassismus-in-zahlen.admin.ch\/fr\" target=\"_blank\" rel=\"noopener\">https:\/\/www.rassismus-in-zahlen.admin.ch\/fr<\/a><\/p>\n<p>Statistiques:<br \/>\n<div class=\"_df_book df-lite\" id=\"df_3176\"  data-title=\"racisme-ch-stats\" _slug=\"racisme-ch-stats\" wpoptions=\"true\" thumbtype=\"bg\" ><p class=\"df-raw-loading\">Please wait while flipbook is loading. For more related info, FAQs and issues please refer to <a href=\"https:\/\/wordpress.org\/plugins\/3d-flipbook-dflip-lite\/#installation\">DearFlip WordPress Flipbook Plugin Help<\/a> documentation.<\/p><\/div><script class=\"df-shortcode-script\" type=\"application\/javascript\">window.option_df_3176 = {\"outline\":[],\"forceFit\":\"true\",\"autoEnableOutline\":\"false\",\"autoEnableThumbnail\":\"false\",\"overwritePDFOutline\":\"false\",\"direction\":\"1\",\"pageSize\":\"0\",\"source\":\"https:\\\/\\\/www.aede.ch\\\/wp-content\\\/uploads\\\/2024\\\/03\\\/LE-RACISME-EN-SUISSE-STATS.pdf\",\"wpOptions\":\"true\"}; if(window.DFLIP && window.DFLIP.parseBooks){window.DFLIP.parseBooks();}<\/script><\/p>\n<p>Glossaire des mots cl\u00e9s&#8230;<\/p>\n<div class=\"_df_book df-lite\" id=\"df_3170\"  data-title=\"racisme-glossaire\" _slug=\"racisme-glossaire\" wpoptions=\"true\" thumbtype=\"bg\" ><p class=\"df-raw-loading\">Please wait while flipbook is loading. For more related info, FAQs and issues please refer to <a href=\"https:\/\/wordpress.org\/plugins\/3d-flipbook-dflip-lite\/#installation\">DearFlip WordPress Flipbook Plugin Help<\/a> documentation.<\/p><\/div><script class=\"df-shortcode-script\" type=\"application\/javascript\">window.option_df_3170 = {\"outline\":[],\"forceFit\":\"true\",\"autoEnableOutline\":\"false\",\"autoEnableThumbnail\":\"false\",\"overwritePDFOutline\":\"false\",\"direction\":\"1\",\"pageSize\":\"0\",\"source\":\"https:\\\/\\\/www.aede.ch\\\/wp-content\\\/uploads\\\/2024\\\/03\\\/Racisme-glossaire-FALC.pdf\",\"wpOptions\":\"true\"}; if(window.DFLIP && window.DFLIP.parseBooks){window.DFLIP.parseBooks();}<\/script>\n<p>Exercices:<\/p>\n<p><iframe src=\"https:\/\/learningapps.org\/watch?v=p299cni0524\" style=\"border:0px;width:100%;height:500px\" allowfullscreen=\"true\" webkitallowfullscreen=\"true\" mozallowfullscreen=\"true\"><\/iframe>&nbsp;<\/p>\n<p>Autres sources officielles de la conf\u00e9d\u00e9ration:<\/p>\n<p><a href=\"https:\/\/www.aede.ch\/wp-content\/uploads\/2024\/03\/239-1902-05.pdf\">Rapport OFS &#8211; 2019<\/a><\/p>\n<p><a href=\"https:\/\/www.aede.ch\/wp-content\/uploads\/2024\/03\/1913-1800.pdf\">OFS &#8211; Vivre en Suisse &#8211; 2018<\/a><\/p>\n<p><a href=\"https:\/\/www.aede.ch\/wp-content\/uploads\/2024\/03\/1913-1900.pdf\">OFS Vivre en Suisse 2020<\/a><\/p>\n<p><a href=\"https:\/\/www.aede.ch\/wp-content\/uploads\/2024\/03\/1913-2000.pdf\">OFS &#8211; Vivre ensemble &#8211; \u00e9tude approfondie 2016-2020<\/a><\/p>\n<p><a href=\"https:\/\/www.aede.ch\/wp-content\/uploads\/2024\/03\/1913-2100.pdf\">OFS &#8211; Vivre ensemble &#8211; 2021<\/a><\/p>\n<p><a href=\"https:\/\/www.aede.ch\/wp-content\/uploads\/2024\/03\/Planification-des-champs-d_action-prioritaires-SLR-2024-2027_fr_DEF.pdf\">Planification des champs d_action prioritaires SLR 2024 &#8211; 2027_fr_DEF<\/a><\/p>\n<div><code id=\"wpkqcg_shortcode_generator_display\"><!-- START Kaya QR Code Generator --><div class=\"wpkqcg_qrcode_wrapper\"><input type=\"hidden\" id=\"wpkqcg_qrcode_outputimg_706a97ce323771a60_ecclevel\" value=\"L\" \/><input type=\"hidden\" id=\"wpkqcg_qrcode_outputimg_706a97ce323771a60_size\" value=\"\" \/><input type=\"hidden\" id=\"wpkqcg_qrcode_outputimg_706a97ce323771a60_color\" value=\"\" \/><input type=\"hidden\" id=\"wpkqcg_qrcode_outputimg_706a97ce323771a60_bgcolor\" value=\"\" \/><input type=\"hidden\" id=\"wpkqcg_qrcode_outputimg_706a97ce323771a60_content\" value=\"https:\/\/www.aede.ch\/index.php?rest_route=%2Fwp%2Fv2%2Fposts%2F3149\" \/><img src=\"\" id=\"wpkqcg_qrcode_outputimg_706a97ce323771a60\" alt=\"QR Code\" class=\"wpkqcg_qrcode\" style=\"width: auto; height: auto; max-width: 100%;\" ><div style=\"clear: none;\"><\/div><\/div><!-- END Kaya QR Code Generator --><\/code><\/div>\n","protected":false},"excerpt":{"rendered":"<p>Le racisme en Suisse: https:\/\/www.rassismus-in-zahlen.admin.ch\/fr Statistiques: Glossaire des mots cl\u00e9s&#8230; Exercices: &nbsp; Autres sources officielles de la conf\u00e9d\u00e9ration: Rapport OFS &#8211; 2019 OFS &#8211; Vivre en Suisse &#8211; 2018 OFS Vivre en Suisse 2020 OFS &#8211; Vivre ensemble &#8211; \u00e9tude approfondie 2016-2020 OFS &#8211; Vivre ensemble &#8211; 2021 Planification des champs d_action prioritaires SLR 2024&#8230;<\/p>\n<p class=\"more-link-wrap\"><a href=\"https:\/\/www.aede.ch\/?p=3149\" class=\"more-link\">Lire davantage:<span class=\"screen-reader-text\"> &ldquo;Identit\u00e9: le racisme en Suisse&rdquo;<\/span> &raquo;<\/a><\/p>\n","protected":false},"author":1,"featured_media":3162,"comment_status":"closed","ping_status":"closed","sticky":false,"template":"","format":"standard","meta":[],"categories":[16,26,17,29,32,51,48,50,52],"tags":[],"_links":{"self":[{"href":"https:\/\/www.aede.ch\/index.php?rest_route=\/wp\/v2\/posts\/3149"}],"collection":[{"href":"https:\/\/www.aede.ch\/index.php?rest_route=\/wp\/v2\/posts"}],"about":[{"href":"https:\/\/www.aede.ch\/index.php?rest_route=\/wp\/v2\/types\/post"}],"author":[{"embeddable":true,"href":"https:\/\/www.aede.ch\/index.php?rest_route=\/wp\/v2\/users\/1"}],"replies":[{"embeddable":true,"href":"https:\/\/www.aede.ch\/index.php?rest_route=%2Fwp%2Fv2%2Fcomments&post=3149"}],"version-history":[{"count":7,"href":"https:\/\/www.aede.ch\/index.php?rest_route=\/wp\/v2\/posts\/3149\/revisions"}],"predecessor-version":[{"id":3294,"href":"https:\/\/www.aede.ch\/index.php?rest_route=\/wp\/v2\/posts\/3149\/revisions\/3294"}],"wp:featuredmedia":[{"embeddable":true,"href":"https:\/\/www.aede.ch\/index.php?rest_route=\/wp\/v2\/media\/3162"}],"wp:attachment":[{"href":"https:\/\/www.aede.ch\/index.php?rest_route=%2Fwp%2Fv2%2Fmedia&parent=3149"}],"wp:term":[{"taxonomy":"category","embeddable":true,"href":"https:\/\/www.aede.ch\/index.php?rest_route=%2Fwp%2Fv2%2Fcategories&post=3149"},{"taxonomy":"post_tag","embeddable":true,"href":"https:\/\/www.aede.ch\/index.php?rest_route=%2Fwp%2Fv2%2Ftags&post=3149"}],"curies":[{"name":"wp","href":"https:\/\/api.w.org\/{rel}","templated":true}]}}