{"id":3126,"date":"2024-03-11T22:58:24","date_gmt":"2024-03-11T22:58:24","guid":{"rendered":"https:\/\/www.aede.ch\/?p=3126"},"modified":"2024-03-12T11:05:41","modified_gmt":"2024-03-12T11:05:41","slug":"radio-les-pedagogies-cooperatives","status":"publish","type":"post","link":"https:\/\/www.aede.ch\/?p=3126","title":{"rendered":"Radio: les p\u00e9dagogies coop\u00e9ratives"},"content":{"rendered":"<p><strong>Ecouter le Podcast de la classe:<\/strong> Les p\u00e9dagogies coop\u00e9ratives depuis leurs d\u00e9buts jusqu&rsquo;\u00e0 aujourd&rsquo;hui&#8230;<br \/>\nPr\u00e9sentations d&rsquo;articles de p\u00e9dagogie: A. Ferri\u00e8re, C. Freinet, P\u00e9dagogie institutionnelle, P. Perrenoud &#038; P. Meirieu.<\/p>\n<!--[if lt IE 9]><script>document.createElement('audio');<\/script><![endif]-->\n<audio class=\"wp-audio-shortcode\" id=\"audio-3126-1\" preload=\"none\" style=\"width: 100%;\" controls=\"controls\"><source type=\"audio\/mpeg\" src=\"https:\/\/www.aede.ch\/wp-content\/uploads\/2024\/03\/Franc-Parler-FM-Les-pe\u0301dagogies-coope\u0301ratives.m4a?_=1\" \/><a href=\"https:\/\/www.aede.ch\/wp-content\/uploads\/2024\/03\/Franc-Parler-FM-Les-pe\u0301dagogies-coope\u0301ratives.m4a\">https:\/\/www.aede.ch\/wp-content\/uploads\/2024\/03\/Franc-Parler-FM-Les-pe\u0301dagogies-coope\u0301ratives.m4a<\/a><\/audio>\n<p><strong>L&rsquo;\u00e9cole en musiques:<\/strong><\/p>\n<p><iframe loading=\"lazy\" width=\"560\" height=\"315\" src=\"https:\/\/www.youtube.com\/embed\/videoseries?si=9TlLZOf0iTZL6Jbi&amp;list=PL6v-dhfdef3vvrbuUg7JSVPf0EdvHh02h\" title=\"YouTube video player\" frameborder=\"0\" allow=\"accelerometer; autoplay; clipboard-write; encrypted-media; gyroscope; picture-in-picture; web-share\" allowfullscreen><\/iframe><\/p>\n<p>Textes:<br \/>\n<a href=\"https:\/\/www.aede.ch\/wp-content\/uploads\/2024\/03\/adolpheferriere.pdf\">Adolphe Ferriere &#8211; P\u00e9dagogies actives<\/a><\/p>\n<p><a href=\"https:\/\/www.aede.ch\/wp-content\/uploads\/2024\/03\/fernandoury_institutions.pdf\">Fernand Oury &#8211; Institutions<\/a><\/p>\n<p><a href=\"https:\/\/www.aede.ch\/wp-content\/uploads\/2024\/03\/Connac-S.-Pe\u0301dagogie-coope\u0301rative.pdf\">Connac S. Pe\u0301dagogie coope\u0301rative<\/a><\/p>\n<p><a href=\"https:\/\/www.aede.ch\/wp-content\/uploads\/2024\/03\/La-pe\u0301dagogie-coope\u0301rative-the\u0301ories-me\u0301thodes-et-activite\u0301s-Prof-Innovant.pdf\">La pe\u0301dagogie coope\u0301rative &#8211; the\u0301ories, me\u0301thodes et activite\u0301s &#8211; Prof Innovant<\/a><\/p>\n<p><a href=\"https:\/\/www.aede.ch\/wp-content\/uploads\/2024\/03\/Lavoie-Drouin-Heroux-Pe\u0301dagogie-coope\u0301rative-25-3-2012.pdf\">Lavoie, Drouin &#038; Heroux &#8211; Pe\u0301dagogie coope\u0301rative <\/a><\/p>\n<p><a href=\"https:\/\/www.aede.ch\/wp-content\/uploads\/2024\/03\/Meirieu-Pe\u0301dagogie-coope\u0301rative.pdf\">Meirieu &#8211; Pe\u0301dagogie coope\u0301rative<\/a><\/p>\n<p><a href=\"https:\/\/www.aede.ch\/wp-content\/uploads\/2024\/03\/RF-memento-cooperation-35570.pdf\">RF &#8211; Memento &#8211; Cooperation-35570<\/a><\/p>\n<p><a href=\"https:\/\/www.aede.ch\/wp-content\/uploads\/2024\/03\/Perrenoud-Projets.pdf\">Perrenoud &#8211; Approche par projets<\/a><\/p>\n<!-- START Kaya QR Code Generator --><div class=\"wpkqcg_qrcode_wrapper\"><input type=\"hidden\" id=\"wpkqcg_qrcode_outputimg_466a96654b1784939_ecclevel\" value=\"L\" \/><input type=\"hidden\" id=\"wpkqcg_qrcode_outputimg_466a96654b1784939_size\" value=\"\" \/><input type=\"hidden\" id=\"wpkqcg_qrcode_outputimg_466a96654b1784939_color\" value=\"\" \/><input type=\"hidden\" id=\"wpkqcg_qrcode_outputimg_466a96654b1784939_bgcolor\" value=\"\" \/><input type=\"hidden\" id=\"wpkqcg_qrcode_outputimg_466a96654b1784939_content\" value=\"https:\/\/www.aede.ch\/index.php?rest_route=%2Fwp%2Fv2%2Fposts%2F3126\" \/><img src=\"\" id=\"wpkqcg_qrcode_outputimg_466a96654b1784939\" alt=\"QR Code\" class=\"wpkqcg_qrcode\" style=\"width: auto; height: auto; max-width: 100%;\" ><div style=\"clear: none;\"><\/div><\/div><!-- END Kaya QR Code Generator -->\n","protected":false},"excerpt":{"rendered":"<p>Ecouter le Podcast de la classe: Les p\u00e9dagogies coop\u00e9ratives depuis leurs d\u00e9buts jusqu&rsquo;\u00e0 aujourd&rsquo;hui&#8230; Pr\u00e9sentations d&rsquo;articles de p\u00e9dagogie: A. Ferri\u00e8re, C. Freinet, P\u00e9dagogie institutionnelle, P. Perrenoud &#038; P. Meirieu. L&rsquo;\u00e9cole en musiques: Textes: Adolphe Ferriere &#8211; P\u00e9dagogies actives Fernand Oury &#8211; Institutions Connac S. Pe\u0301dagogie coope\u0301rative La pe\u0301dagogie coope\u0301rative &#8211; the\u0301ories, me\u0301thodes et activite\u0301s &#8211;&#8230;<\/p>\n<p class=\"more-link-wrap\"><a href=\"https:\/\/www.aede.ch\/?p=3126\" class=\"more-link\">Lire davantage:<span class=\"screen-reader-text\"> &ldquo;Radio: les p\u00e9dagogies coop\u00e9ratives&rdquo;<\/span> &raquo;<\/a><\/p>\n","protected":false},"author":1,"featured_media":3129,"comment_status":"closed","ping_status":"closed","sticky":false,"template":"","format":"standard","meta":[],"categories":[26,4,19,34],"tags":[],"_links":{"self":[{"href":"https:\/\/www.aede.ch\/index.php?rest_route=\/wp\/v2\/posts\/3126"}],"collection":[{"href":"https:\/\/www.aede.ch\/index.php?rest_route=\/wp\/v2\/posts"}],"about":[{"href":"https:\/\/www.aede.ch\/index.php?rest_route=\/wp\/v2\/types\/post"}],"author":[{"embeddable":true,"href":"https:\/\/www.aede.ch\/index.php?rest_route=\/wp\/v2\/users\/1"}],"replies":[{"embeddable":true,"href":"https:\/\/www.aede.ch\/index.php?rest_route=%2Fwp%2Fv2%2Fcomments&post=3126"}],"version-history":[{"count":5,"href":"https:\/\/www.aede.ch\/index.php?rest_route=\/wp\/v2\/posts\/3126\/revisions"}],"predecessor-version":[{"id":3142,"href":"https:\/\/www.aede.ch\/index.php?rest_route=\/wp\/v2\/posts\/3126\/revisions\/3142"}],"wp:featuredmedia":[{"embeddable":true,"href":"https:\/\/www.aede.ch\/index.php?rest_route=\/wp\/v2\/media\/3129"}],"wp:attachment":[{"href":"https:\/\/www.aede.ch\/index.php?rest_route=%2Fwp%2Fv2%2Fmedia&parent=3126"}],"wp:term":[{"taxonomy":"category","embeddable":true,"href":"https:\/\/www.aede.ch\/index.php?rest_route=%2Fwp%2Fv2%2Fcategories&post=3126"},{"taxonomy":"post_tag","embeddable":true,"href":"https:\/\/www.aede.ch\/index.php?rest_route=%2Fwp%2Fv2%2Ftags&post=3126"}],"curies":[{"name":"wp","href":"https:\/\/api.w.org\/{rel}","templated":true}]}}