{"id":3095,"date":"2024-03-10T18:03:09","date_gmt":"2024-03-10T18:03:09","guid":{"rendered":"https:\/\/www.aede.ch\/?p=3095"},"modified":"2024-03-25T19:44:48","modified_gmt":"2024-03-25T19:44:48","slug":"droit-legalite-i","status":"publish","type":"post","link":"https:\/\/www.aede.ch\/?p=3095","title":{"rendered":"Droit: l&rsquo;\u00e9galit\u00e9"},"content":{"rendered":"<p>Egalit\u00e9? De quoi parle-t-on?<\/p>\n<p><iframe loading=\"lazy\" title=\"YouTube video player\" src=\"https:\/\/www.youtube.com\/embed\/35-RaA6xPlk?si=N048b_3v_mjju1K8\" width=\"560\" height=\"315\" frameborder=\"0\" allowfullscreen=\"allowfullscreen\"><\/iframe><\/p>\n<p>Quelques statistiques pour la Suisse:<\/p>\n<div id=\"dflip-tab-content-normal\" class=\"dflip-tab-content dflip-active\"><code><div class=\"_df_book df-lite\" id=\"df_3215\"  data-title=\"egalite-stats\" _slug=\"egalite-stats\" wpoptions=\"true\" thumbtype=\"bg\" ><p class=\"df-raw-loading\">Please wait while flipbook is loading. For more related info, FAQs and issues please refer to <a href=\"https:\/\/wordpress.org\/plugins\/3d-flipbook-dflip-lite\/#installation\">DearFlip WordPress Flipbook Plugin Help<\/a> documentation.<\/p><\/div><script class=\"df-shortcode-script\" type=\"application\/javascript\">window.option_df_3215 = {\"outline\":[],\"forceFit\":\"true\",\"autoEnableOutline\":\"false\",\"autoEnableThumbnail\":\"false\",\"overwritePDFOutline\":\"false\",\"direction\":\"1\",\"pageSize\":\"0\",\"source\":\"https:\\\/\\\/www.aede.ch\\\/wp-content\\\/uploads\\\/2024\\\/03\\\/E\\u0301GALITE\\u0301-STATS.pdf\",\"wpOptions\":\"true\"}; if(window.DFLIP && window.DFLIP.parseBooks){window.DFLIP.parseBooks();}<\/script><\/code><\/div>\n<p>Du point de vue du Droit International:<br \/>\n\u00ab\u00a0Tous les \u00eatres humains naissent libres et \u00e9gaux en dignit\u00e9 et en droits. Ils sont dou\u00e9s de raison et de conscience et doivent agir les uns envers les autres dans un esprit de fraternit\u00e9.\u00a0\u00bb (<a href=\"https:\/\/www.ohchr.org\/en\/human-rights\/universal-declaration\/translations\/french?LangID=frn\" target=\"_blank\" rel=\"noopener\">D\u00e9claration Universelle des droits humains, ONU, 1948<\/a>)<\/p>\n<p>En Suisse, la loi sur l&rsquo;\u00e9galit\u00e9 (1996):<br \/>\n<a href=\"https:\/\/www.fedlex.admin.ch\/eli\/cc\/1996\/1498_1498_1498\/fr\" target=\"_blank\" rel=\"noopener\">https:\/\/www.fedlex.admin.ch\/eli\/cc\/1996\/1498_1498_1498\/fr<\/a><\/p>\n<div class=\"_df_book df-lite\" id=\"df_3166\"  data-title=\"egalite-vd\" _slug=\"egalite-vd\" wpoptions=\"true\" thumbtype=\"bg\" ><p class=\"df-raw-loading\">Please wait while flipbook is loading. For more related info, FAQs and issues please refer to <a href=\"https:\/\/wordpress.org\/plugins\/3d-flipbook-dflip-lite\/#installation\">DearFlip WordPress Flipbook Plugin Help<\/a> documentation.<\/p><\/div><script class=\"df-shortcode-script\" type=\"application\/javascript\">window.option_df_3166 = {\"outline\":[],\"forceFit\":\"true\",\"autoEnableOutline\":\"false\",\"autoEnableThumbnail\":\"false\",\"overwritePDFOutline\":\"false\",\"direction\":\"1\",\"pageSize\":\"0\",\"source\":\"https:\\\/\\\/www.aede.ch\\\/wp-content\\\/uploads\\\/2024\\\/03\\\/Egalite\\u0301-VD_FR_int.pdf\",\"wpOptions\":\"true\"}; if(window.DFLIP && window.DFLIP.parseBooks){window.DFLIP.parseBooks();}<\/script>\n<p>Chercher dans la jurisprudence Suisse:<br \/>\n<a href=\"http:\/\/www.leg.ch\/\" target=\"_blank\" rel=\"noopener\">http:\/\/www.leg.ch\/<\/a><\/p>\n<p>&nbsp;<\/p>\n<!-- START Kaya QR Code Generator --><div class=\"wpkqcg_qrcode_wrapper\"><input type=\"hidden\" id=\"wpkqcg_qrcode_outputimg_316a9669a157edd51_ecclevel\" value=\"L\" \/><input type=\"hidden\" id=\"wpkqcg_qrcode_outputimg_316a9669a157edd51_size\" value=\"\" \/><input type=\"hidden\" id=\"wpkqcg_qrcode_outputimg_316a9669a157edd51_color\" value=\"\" \/><input type=\"hidden\" id=\"wpkqcg_qrcode_outputimg_316a9669a157edd51_bgcolor\" value=\"\" \/><input type=\"hidden\" id=\"wpkqcg_qrcode_outputimg_316a9669a157edd51_content\" value=\"https:\/\/www.aede.ch\/index.php?rest_route=%2Fwp%2Fv2%2Fposts%2F3095\" \/><img src=\"\" id=\"wpkqcg_qrcode_outputimg_316a9669a157edd51\" alt=\"QR Code\" class=\"wpkqcg_qrcode\" style=\"width: auto; height: auto; max-width: 100%;\" ><div style=\"clear: none;\"><\/div><\/div><!-- END Kaya QR Code Generator -->\n","protected":false},"excerpt":{"rendered":"<p>Egalit\u00e9? De quoi parle-t-on? Quelques statistiques pour la Suisse: Du point de vue du Droit International: \u00ab\u00a0Tous les \u00eatres humains naissent libres et \u00e9gaux en dignit\u00e9 et en droits. Ils sont dou\u00e9s de raison et de conscience et doivent agir les uns envers les autres dans un esprit de fraternit\u00e9.\u00a0\u00bb (D\u00e9claration Universelle des droits humains,&#8230;<\/p>\n<p class=\"more-link-wrap\"><a href=\"https:\/\/www.aede.ch\/?p=3095\" class=\"more-link\">Lire davantage:<span class=\"screen-reader-text\"> &ldquo;Droit: l&rsquo;\u00e9galit\u00e9&rdquo;<\/span> &raquo;<\/a><\/p>\n","protected":false},"author":1,"featured_media":3209,"comment_status":"closed","ping_status":"closed","sticky":false,"template":"","format":"standard","meta":[],"categories":[16,17,32,48,50,52,49],"tags":[],"_links":{"self":[{"href":"https:\/\/www.aede.ch\/index.php?rest_route=\/wp\/v2\/posts\/3095"}],"collection":[{"href":"https:\/\/www.aede.ch\/index.php?rest_route=\/wp\/v2\/posts"}],"about":[{"href":"https:\/\/www.aede.ch\/index.php?rest_route=\/wp\/v2\/types\/post"}],"author":[{"embeddable":true,"href":"https:\/\/www.aede.ch\/index.php?rest_route=\/wp\/v2\/users\/1"}],"replies":[{"embeddable":true,"href":"https:\/\/www.aede.ch\/index.php?rest_route=%2Fwp%2Fv2%2Fcomments&post=3095"}],"version-history":[{"count":7,"href":"https:\/\/www.aede.ch\/index.php?rest_route=\/wp\/v2\/posts\/3095\/revisions"}],"predecessor-version":[{"id":3218,"href":"https:\/\/www.aede.ch\/index.php?rest_route=\/wp\/v2\/posts\/3095\/revisions\/3218"}],"wp:featuredmedia":[{"embeddable":true,"href":"https:\/\/www.aede.ch\/index.php?rest_route=\/wp\/v2\/media\/3209"}],"wp:attachment":[{"href":"https:\/\/www.aede.ch\/index.php?rest_route=%2Fwp%2Fv2%2Fmedia&parent=3095"}],"wp:term":[{"taxonomy":"category","embeddable":true,"href":"https:\/\/www.aede.ch\/index.php?rest_route=%2Fwp%2Fv2%2Fcategories&post=3095"},{"taxonomy":"post_tag","embeddable":true,"href":"https:\/\/www.aede.ch\/index.php?rest_route=%2Fwp%2Fv2%2Ftags&post=3095"}],"curies":[{"name":"wp","href":"https:\/\/api.w.org\/{rel}","templated":true}]}}