{"id":3082,"date":"2024-03-10T09:09:28","date_gmt":"2024-03-10T09:09:28","guid":{"rendered":"https:\/\/www.aede.ch\/?p=3082"},"modified":"2024-03-10T18:34:34","modified_gmt":"2024-03-10T18:34:34","slug":"les-droits-humains-fondamentaux","status":"publish","type":"post","link":"https:\/\/www.aede.ch\/?p=3082","title":{"rendered":"Les droits humains fondamentaux I"},"content":{"rendered":"<p><strong>Un lent chemin vers les droits de l&rsquo;Homme:<\/strong><br \/>\n<iframe style=\"border: 0px; width: 100%; height: 500px;\" src=\"https:\/\/learningapps.org\/watch?v=p4fq8yztk24\" allowfullscreen=\"allowfullscreen\"><\/iframe><\/p>\n<p><iframe loading=\"lazy\" title=\"YouTube video player\" src=\"https:\/\/www.youtube.com\/embed\/eNotd5Q6yxM?si=8egR4ScGv2lwNRHt\" width=\"560\" height=\"315\" frameborder=\"0\" allowfullscreen=\"allowfullscreen\"><\/iframe><\/p>\n<p><iframe loading=\"lazy\" title=\"YouTube video player\" src=\"https:\/\/www.youtube.com\/embed\/7LWPkn1kQs4?si=bqPn8KYvqd6eZkcm\" width=\"560\" height=\"315\" frameborder=\"0\" allowfullscreen=\"allowfullscreen\"><\/iframe><\/p>\n<p><strong>1789: la d\u00e9claration des droits de l&rsquo;Homme et du Citoyen:<\/strong><\/p>\n<figure id=\"attachment_3088\" aria-describedby=\"caption-attachment-3088\" style=\"width: 650px\" class=\"wp-caption aligncenter\"><img loading=\"lazy\" class=\"wp-image-3088 size-large\" src=\"https:\/\/www.aede.ch\/wp-content\/uploads\/2024\/03\/declaration-droist-homme-792x1024.jpg\" alt=\"\" width=\"650\" height=\"840\" srcset=\"https:\/\/www.aede.ch\/wp-content\/uploads\/2024\/03\/declaration-droist-homme-792x1024.jpg 792w, https:\/\/www.aede.ch\/wp-content\/uploads\/2024\/03\/declaration-droist-homme-232x300.jpg 232w, https:\/\/www.aede.ch\/wp-content\/uploads\/2024\/03\/declaration-droist-homme-768x993.jpg 768w, https:\/\/www.aede.ch\/wp-content\/uploads\/2024\/03\/declaration-droist-homme-1188x1536.jpg 1188w, https:\/\/www.aede.ch\/wp-content\/uploads\/2024\/03\/declaration-droist-homme.jpg 1500w\" sizes=\"(max-width: 650px) 100vw, 650px\" \/><figcaption id=\"caption-attachment-3088\" class=\"wp-caption-text\">Jean-Jacques-Fran\u00e7ois Le Barbier (dit l&rsquo;A\u00een\u00e9, attribu\u00e9 \u00e0, 1738-1826). \u00ab\u00a0D\u00e9claration des droits de l&rsquo;homme et du citoyen. La Monarchie, tenant les cha\u00eenes bris\u00e9es de la Tyrannie, et le g\u00e9nie de la Nation, tenant le sceptre du Pouvoir, entourent le pr\u00e9ambule de la d\u00e9claration\u00a0\u00bb. Huile sur bois. Paris, mus\u00e9e Carnavalet.<\/figcaption><\/figure>\n<p>Histoire: <a href=\"https:\/\/histoire-image.org\/etudes\/declaration-droits-homme-citoyen-1789\" target=\"_blank\" rel=\"noopener\">https:\/\/histoire-image.org\/etudes\/declaration-droits-homme-citoyen-1789<\/a><\/p>\n<p><strong>1948: Declaration Internationale des droits humains<\/strong><br \/>\n<div class=\"_df_book df-lite\" id=\"df_3083\"  data-title=\"droits-de-lhomme-onu-1948\" _slug=\"droits-de-lhomme-onu-1948\" wpoptions=\"true\" thumbtype=\"bg\" ><p class=\"df-raw-loading\">Please wait while flipbook is loading. For more related info, FAQs and issues please refer to <a href=\"https:\/\/wordpress.org\/plugins\/3d-flipbook-dflip-lite\/#installation\">DearFlip WordPress Flipbook Plugin Help<\/a> documentation.<\/p><\/div><script class=\"df-shortcode-script\" type=\"application\/javascript\">window.option_df_3083 = {\"outline\":[],\"forceFit\":\"true\",\"autoEnableOutline\":\"false\",\"autoEnableThumbnail\":\"false\",\"overwritePDFOutline\":\"false\",\"direction\":\"1\",\"pageSize\":\"0\",\"source\":\"https:\\\/\\\/www.aede.ch\\\/wp-content\\\/uploads\\\/2024\\\/03\\\/udhr_booklet_fr_web.pdf\",\"wpOptions\":\"true\"}; if(window.DFLIP && window.DFLIP.parseBooks){window.DFLIP.parseBooks();}<\/script><br \/>\n<a href=\"https:\/\/www.aede.ch\/wp-content\/uploads\/2024\/03\/UN-Droits-Humains.pdf\">UN &#8211; Droits Humains &#8211; version texte<\/a><\/p>\n<p><img loading=\"lazy\" class=\"aligncenter wp-image-3090 size-full\" src=\"https:\/\/www.aede.ch\/wp-content\/uploads\/2024\/03\/dudh.jpg\" alt=\"\" width=\"840\" height=\"808\" srcset=\"https:\/\/www.aede.ch\/wp-content\/uploads\/2024\/03\/dudh.jpg 840w, https:\/\/www.aede.ch\/wp-content\/uploads\/2024\/03\/dudh-300x289.jpg 300w, https:\/\/www.aede.ch\/wp-content\/uploads\/2024\/03\/dudh-768x739.jpg 768w\" sizes=\"(max-width: 840px) 100vw, 840px\" \/><\/p>\n<p><strong>Les droits humains et la Suisse?<\/strong><\/p>\n<p><a href=\"https:\/\/www.eda.admin.ch\/eda\/fr\/dfae\/politique-exterieure\/droits-homme-securite-humaine\/politique-droits-homme\/droits-humains-terme.html\" target=\"_blank\" rel=\"noopener\">https:\/\/www.eda.admin.ch\/eda\/fr\/dfae\/politique-exterieure\/droits-homme-securite-humaine\/politique-droits-homme\/droits-humains-terme.html<\/a><\/p>\n<p><strong>Activit\u00e9s:<\/strong><br \/>\n<iframe style=\"border: 0px; width: 100%; height: 500px;\" src=\"https:\/\/learningapps.org\/watch?v=peh7b56c524\" allowfullscreen=\"allowfullscreen\"><\/iframe><\/p>\n<p>Sources:<br \/>\n<a href=\"http:\/\/Amnisty.ch\" target=\"_blank\" rel=\"noopener\">Amnisty.ch<\/a><br \/>\n<a href=\"http:\/\/Amnisty.fr\" target=\"_blank\" rel=\"noopener\">Amnisty.fr<\/a><br \/>\n<a href=\"https:\/\/www.un.org\/fr\/universal-declaration-human-rights\/\" target=\"_blank\" rel=\"noopener\">https:\/\/www.un.org\/fr\/universal-declaration-human-rights\/<\/a><\/p>\n<p>&nbsp;<\/p>\n<!-- START Kaya QR Code Generator --><div class=\"wpkqcg_qrcode_wrapper\"><input type=\"hidden\" id=\"wpkqcg_qrcode_outputimg_376a966920c664c65_ecclevel\" value=\"L\" \/><input type=\"hidden\" id=\"wpkqcg_qrcode_outputimg_376a966920c664c65_size\" value=\"\" \/><input type=\"hidden\" id=\"wpkqcg_qrcode_outputimg_376a966920c664c65_color\" value=\"\" \/><input type=\"hidden\" id=\"wpkqcg_qrcode_outputimg_376a966920c664c65_bgcolor\" value=\"\" \/><input type=\"hidden\" id=\"wpkqcg_qrcode_outputimg_376a966920c664c65_content\" value=\"https:\/\/www.aede.ch\/index.php?rest_route=%2Fwp%2Fv2%2Fposts%2F3082\" \/><img src=\"\" id=\"wpkqcg_qrcode_outputimg_376a966920c664c65\" alt=\"QR Code\" class=\"wpkqcg_qrcode\" style=\"width: auto; height: auto; max-width: 100%;\" ><div style=\"clear: none;\"><\/div><\/div><!-- END Kaya QR Code Generator -->\n","protected":false},"excerpt":{"rendered":"<p>Un lent chemin vers les droits de l&rsquo;Homme: 1789: la d\u00e9claration des droits de l&rsquo;Homme et du Citoyen: Histoire: https:\/\/histoire-image.org\/etudes\/declaration-droits-homme-citoyen-1789 1948: Declaration Internationale des droits humains UN &#8211; Droits Humains &#8211; version texte Les droits humains et la Suisse? https:\/\/www.eda.admin.ch\/eda\/fr\/dfae\/politique-exterieure\/droits-homme-securite-humaine\/politique-droits-homme\/droits-humains-terme.html Activit\u00e9s: Sources: Amnisty.ch Amnisty.fr https:\/\/www.un.org\/fr\/universal-declaration-human-rights\/ &nbsp;<\/p>\n","protected":false},"author":1,"featured_media":3105,"comment_status":"closed","ping_status":"closed","sticky":false,"template":"","format":"standard","meta":[],"categories":[32,48,50,52,49],"tags":[],"_links":{"self":[{"href":"https:\/\/www.aede.ch\/index.php?rest_route=\/wp\/v2\/posts\/3082"}],"collection":[{"href":"https:\/\/www.aede.ch\/index.php?rest_route=\/wp\/v2\/posts"}],"about":[{"href":"https:\/\/www.aede.ch\/index.php?rest_route=\/wp\/v2\/types\/post"}],"author":[{"embeddable":true,"href":"https:\/\/www.aede.ch\/index.php?rest_route=\/wp\/v2\/users\/1"}],"replies":[{"embeddable":true,"href":"https:\/\/www.aede.ch\/index.php?rest_route=%2Fwp%2Fv2%2Fcomments&post=3082"}],"version-history":[{"count":5,"href":"https:\/\/www.aede.ch\/index.php?rest_route=\/wp\/v2\/posts\/3082\/revisions"}],"predecessor-version":[{"id":3098,"href":"https:\/\/www.aede.ch\/index.php?rest_route=\/wp\/v2\/posts\/3082\/revisions\/3098"}],"wp:featuredmedia":[{"embeddable":true,"href":"https:\/\/www.aede.ch\/index.php?rest_route=\/wp\/v2\/media\/3105"}],"wp:attachment":[{"href":"https:\/\/www.aede.ch\/index.php?rest_route=%2Fwp%2Fv2%2Fmedia&parent=3082"}],"wp:term":[{"taxonomy":"category","embeddable":true,"href":"https:\/\/www.aede.ch\/index.php?rest_route=%2Fwp%2Fv2%2Fcategories&post=3082"},{"taxonomy":"post_tag","embeddable":true,"href":"https:\/\/www.aede.ch\/index.php?rest_route=%2Fwp%2Fv2%2Ftags&post=3082"}],"curies":[{"name":"wp","href":"https:\/\/api.w.org\/{rel}","templated":true}]}}