{"id":3076,"date":"2024-03-09T09:25:21","date_gmt":"2024-03-09T09:25:21","guid":{"rendered":"https:\/\/www.aede.ch\/?p=3076"},"modified":"2024-03-10T19:40:58","modified_gmt":"2024-03-10T19:40:58","slug":"identite-le-racisme-systemique","status":"publish","type":"post","link":"https:\/\/www.aede.ch\/?p=3076","title":{"rendered":"Identit\u00e9: le racisme syst\u00e9mique"},"content":{"rendered":"<p>Etape 1: La discrimination et les pr\u00e9jug\u00e9s<br \/>\n<iframe loading=\"lazy\" width=\"100%\" height=\"400\" src=\"https:\/\/www.rts.ch\/play\/embed?urn=urn:rts:video:13931737&#038;subdivisions=false\" allowfullscreen allow=\"geolocation *; autoplay; encrypted-media\"><\/iframe><\/p>\n<p>Etape 2: <\/p>\n<p>Interview en fran\u00e7ais d&rsquo;Angela Davis \u00e0 propos du mouvement Black Lives Matter et du racisme syst\u00e9mique aux USA:<br \/>\n<iframe loading=\"lazy\" width=\"560\" height=\"315\" src=\"https:\/\/www.youtube.com\/embed\/iOcLH8f1yTA?si=mHPFvVCwnvkTjBYw\" title=\"YouTube video player\" frameborder=\"0\" allow=\"accelerometer; autoplay; clipboard-write; encrypted-media; gyroscope; picture-in-picture; web-share\" allowfullscreen><\/iframe><\/p>\n<p>Documentaire RTS autour de la condamnation de la Suisse par le Tribunal Europ\u00e9en des Droits de l&rsquo;Homme pour racisme syst\u00e9mique:<br \/>\n<iframe loading=\"lazy\" width=\"560\" height=\"315\" src=\"https:\/\/www.youtube.com\/embed\/24dSmPj9pO4?si=UB5TcziV6Yds4q9a\" title=\"YouTube video player\" frameborder=\"0\" allow=\"accelerometer; autoplay; clipboard-write; encrypted-media; gyroscope; picture-in-picture; web-share\" allowfullscreen><\/iframe><\/p>\n<p>Le racisme int\u00e9rioris\u00e9:<br \/>\n<iframe loading=\"lazy\" width=\"560\" height=\"315\" src=\"https:\/\/www.youtube.com\/embed\/BEdJGIKf6ik?si=zZWfrFrSfvjm4adJ\" title=\"YouTube video player\" frameborder=\"0\" allow=\"accelerometer; autoplay; clipboard-write; encrypted-media; gyroscope; picture-in-picture; web-share\" allowfullscreen><\/iframe><\/p>\n<p>Le racisme au travail:<br \/>\n<iframe loading=\"lazy\" width=\"560\" height=\"315\" src=\"https:\/\/www.youtube.com\/embed\/aKJ_mkboD50?si=JuED4ImFdcC8JWBm\" title=\"YouTube video player\" frameborder=\"0\" allow=\"accelerometer; autoplay; clipboard-write; encrypted-media; gyroscope; picture-in-picture; web-share\" allowfullscreen><\/iframe><\/p>\n<!-- START Kaya QR Code Generator --><div class=\"wpkqcg_qrcode_wrapper\"><input type=\"hidden\" id=\"wpkqcg_qrcode_outputimg_456a97ce702cf3621_ecclevel\" value=\"L\" \/><input type=\"hidden\" id=\"wpkqcg_qrcode_outputimg_456a97ce702cf3621_size\" value=\"\" \/><input type=\"hidden\" id=\"wpkqcg_qrcode_outputimg_456a97ce702cf3621_color\" value=\"\" \/><input type=\"hidden\" id=\"wpkqcg_qrcode_outputimg_456a97ce702cf3621_bgcolor\" value=\"\" \/><input type=\"hidden\" id=\"wpkqcg_qrcode_outputimg_456a97ce702cf3621_content\" value=\"https:\/\/www.aede.ch\/index.php?rest_route=%2Fwp%2Fv2%2Fposts%2F3076\" \/><img src=\"\" id=\"wpkqcg_qrcode_outputimg_456a97ce702cf3621\" alt=\"QR Code\" class=\"wpkqcg_qrcode\" style=\"width: auto; height: auto; max-width: 100%;\" ><div style=\"clear: none;\"><\/div><\/div><!-- END Kaya QR Code Generator -->\n","protected":false},"excerpt":{"rendered":"<p>Etape 1: La discrimination et les pr\u00e9jug\u00e9s Etape 2: Interview en fran\u00e7ais d&rsquo;Angela Davis \u00e0 propos du mouvement Black Lives Matter et du racisme syst\u00e9mique aux USA: Documentaire RTS autour de la condamnation de la Suisse par le Tribunal Europ\u00e9en des Droits de l&rsquo;Homme pour racisme syst\u00e9mique: Le racisme int\u00e9rioris\u00e9: Le racisme au travail:<\/p>\n","protected":false},"author":1,"featured_media":3077,"comment_status":"closed","ping_status":"closed","sticky":false,"template":"","format":"standard","meta":[],"categories":[32,48,50,52],"tags":[],"_links":{"self":[{"href":"https:\/\/www.aede.ch\/index.php?rest_route=\/wp\/v2\/posts\/3076"}],"collection":[{"href":"https:\/\/www.aede.ch\/index.php?rest_route=\/wp\/v2\/posts"}],"about":[{"href":"https:\/\/www.aede.ch\/index.php?rest_route=\/wp\/v2\/types\/post"}],"author":[{"embeddable":true,"href":"https:\/\/www.aede.ch\/index.php?rest_route=\/wp\/v2\/users\/1"}],"replies":[{"embeddable":true,"href":"https:\/\/www.aede.ch\/index.php?rest_route=%2Fwp%2Fv2%2Fcomments&post=3076"}],"version-history":[{"count":2,"href":"https:\/\/www.aede.ch\/index.php?rest_route=\/wp\/v2\/posts\/3076\/revisions"}],"predecessor-version":[{"id":3115,"href":"https:\/\/www.aede.ch\/index.php?rest_route=\/wp\/v2\/posts\/3076\/revisions\/3115"}],"wp:featuredmedia":[{"embeddable":true,"href":"https:\/\/www.aede.ch\/index.php?rest_route=\/wp\/v2\/media\/3077"}],"wp:attachment":[{"href":"https:\/\/www.aede.ch\/index.php?rest_route=%2Fwp%2Fv2%2Fmedia&parent=3076"}],"wp:term":[{"taxonomy":"category","embeddable":true,"href":"https:\/\/www.aede.ch\/index.php?rest_route=%2Fwp%2Fv2%2Fcategories&post=3076"},{"taxonomy":"post_tag","embeddable":true,"href":"https:\/\/www.aede.ch\/index.php?rest_route=%2Fwp%2Fv2%2Ftags&post=3076"}],"curies":[{"name":"wp","href":"https:\/\/api.w.org\/{rel}","templated":true}]}}