{"id":287,"date":"2021-02-06T15:13:15","date_gmt":"2021-02-06T15:13:15","guid":{"rendered":"http:\/\/www.aede.ch\/?p=287"},"modified":"2023-10-03T15:37:04","modified_gmt":"2023-10-03T15:37:04","slug":"atelier-anthropologie-de-lart-et-de-la-creativite","status":"publish","type":"post","link":"https:\/\/www.aede.ch\/?p=287","title":{"rendered":"Ecriture cr\u00e9ative: paysages &#8211; lieux d&rsquo;impressions et d&rsquo;expressions"},"content":{"rendered":"<p>Inspir\u00e9 par le travail artistique de Gerhard Richter et Joseph Beuys, cet atelier a \u00e9t\u00e9 men\u00e9 en co-enseignement avec ma coll\u00e8gue Maria en 2020 \u00e0 Lausanne. A partir d&rsquo;un catalogue d&rsquo;exposition (Kunsthaus, ZH) les apprenants sont invit\u00e9s \u00e0 choisir une ou des images d&rsquo;un catalogue d&rsquo;exposition, ils \u00e9crivent de mani\u00e8re coop\u00e9rative \u00e0 4-6 mains un texte inspir\u00e9 par ces images. Ils mettent ensuite en vid\u00e9o leur production textuelle.<\/p>\n<div class=\"_df_book df-lite\" id=\"df_603\"  data-title=\"paysages-lieux-de-peinture\" _slug=\"paysages-lieux-de-peinture\" wpoptions=\"true\" thumbtype=\"bg\" ><p class=\"df-raw-loading\">Please wait while flipbook is loading. For more related info, FAQs and issues please refer to <a href=\"https:\/\/wordpress.org\/plugins\/3d-flipbook-dflip-lite\/#installation\">DearFlip WordPress Flipbook Plugin Help<\/a> documentation.<\/p><\/div><script class=\"df-shortcode-script\" type=\"application\/javascript\">window.option_df_603 = {\"outline\":[],\"forceFit\":\"true\",\"autoEnableOutline\":\"false\",\"autoEnableThumbnail\":\"false\",\"overwritePDFOutline\":\"false\",\"enableDownload\":\"false\",\"direction\":\"1\",\"pageSize\":\"0\",\"source\":\"http:\\\/\\\/www.aede.ch\\\/wp-content\\\/uploads\\\/2021\\\/12\\\/Feuillet-textes-\\u201alS\\u030cves.pdf\",\"wpOptions\":\"true\"}; if(window.DFLIP && window.DFLIP.parseBooks){window.DFLIP.parseBooks();}<\/script>\n<figure class=\"wp-block-embed wp-block-embed-youtube is-type-video is-provider-youtube epyt-figure\"><div class=\"wp-block-embed__wrapper\"><div class=\"epyt-video-wrapper\"><iframe  id=\"_ytid_25872\"  width=\"650\" height=\"366\"  data-origwidth=\"650\" data-origheight=\"366\"  data-relstop=\"1\" src=\"https:\/\/www.youtube.com\/embed\/?enablejsapi=1&listType=playlist&list=PL6v-dhfdef3sCsRO6Ls_pfmhLhwLuK_jM&autoplay=0&cc_load_policy=0&cc_lang_pref=&iv_load_policy=1&loop=0&modestbranding=1&rel=0&fs=1&playsinline=0&autohide=2&theme=dark&color=red&controls=1&\" class=\"__youtube_prefs__  no-lazyload\" title=\"YouTube player\"  allow=\"accelerometer; autoplay; clipboard-write; encrypted-media; gyroscope; picture-in-picture\" allowfullscreen data-no-lazy=\"1\" data-skipgform_ajax_framebjll=\"\"><\/iframe><\/div><\/div><\/figure>\n<table class=\"form-table\">\n<tbody>\n<tr>\n<td>\n<div><code id=\"wpkqcg_shortcode_generator_display\"><!-- START Kaya QR Code Generator --><div class=\"wpkqcg_qrcode_wrapper\"><input type=\"hidden\" id=\"wpkqcg_qrcode_outputimg_96a9664e6a863613_ecclevel\" value=\"L\" \/><input type=\"hidden\" id=\"wpkqcg_qrcode_outputimg_96a9664e6a863613_size\" value=\"\" \/><input type=\"hidden\" id=\"wpkqcg_qrcode_outputimg_96a9664e6a863613_color\" value=\"\" \/><input type=\"hidden\" id=\"wpkqcg_qrcode_outputimg_96a9664e6a863613_bgcolor\" value=\"\" \/><input type=\"hidden\" id=\"wpkqcg_qrcode_outputimg_96a9664e6a863613_content\" value=\"https:\/\/www.aede.ch\/index.php?rest_route=%2Fwp%2Fv2%2Fposts%2F287\" \/><img src=\"\" id=\"wpkqcg_qrcode_outputimg_96a9664e6a863613\" alt=\"QR Code\" class=\"wpkqcg_qrcode\" style=\"width: auto; height: auto; max-width: 100%;\" ><div style=\"clear: none;\"><\/div><\/div><!-- END Kaya QR Code Generator --><\/code><\/div>\n<\/td>\n<\/tr>\n<\/tbody>\n<\/table>\n","protected":false},"excerpt":{"rendered":"<p>Inspir\u00e9 par le travail artistique de Gerhard Richter et Joseph Beuys, cet atelier a \u00e9t\u00e9 men\u00e9 en co-enseignement avec ma coll\u00e8gue Maria en 2020 \u00e0 Lausanne. A partir d&rsquo;un catalogue d&rsquo;exposition (Kunsthaus, ZH) les apprenants sont invit\u00e9s \u00e0 choisir une ou des images d&rsquo;un catalogue d&rsquo;exposition, ils \u00e9crivent de mani\u00e8re coop\u00e9rative \u00e0 4-6 mains un&#8230;<\/p>\n<p class=\"more-link-wrap\"><a href=\"https:\/\/www.aede.ch\/?p=287\" class=\"more-link\">Lire davantage:<span class=\"screen-reader-text\"> &ldquo;Ecriture cr\u00e9ative: paysages &#8211; lieux d&rsquo;impressions et d&rsquo;expressions&rdquo;<\/span> &raquo;<\/a><\/p>\n","protected":false},"author":1,"featured_media":607,"comment_status":"closed","ping_status":"closed","sticky":false,"template":"","format":"standard","meta":[],"categories":[16,26,32,51,22,11,6,33,4,53],"tags":[],"_links":{"self":[{"href":"https:\/\/www.aede.ch\/index.php?rest_route=\/wp\/v2\/posts\/287"}],"collection":[{"href":"https:\/\/www.aede.ch\/index.php?rest_route=\/wp\/v2\/posts"}],"about":[{"href":"https:\/\/www.aede.ch\/index.php?rest_route=\/wp\/v2\/types\/post"}],"author":[{"embeddable":true,"href":"https:\/\/www.aede.ch\/index.php?rest_route=\/wp\/v2\/users\/1"}],"replies":[{"embeddable":true,"href":"https:\/\/www.aede.ch\/index.php?rest_route=%2Fwp%2Fv2%2Fcomments&post=287"}],"version-history":[{"count":6,"href":"https:\/\/www.aede.ch\/index.php?rest_route=\/wp\/v2\/posts\/287\/revisions"}],"predecessor-version":[{"id":1568,"href":"https:\/\/www.aede.ch\/index.php?rest_route=\/wp\/v2\/posts\/287\/revisions\/1568"}],"wp:featuredmedia":[{"embeddable":true,"href":"https:\/\/www.aede.ch\/index.php?rest_route=\/wp\/v2\/media\/607"}],"wp:attachment":[{"href":"https:\/\/www.aede.ch\/index.php?rest_route=%2Fwp%2Fv2%2Fmedia&parent=287"}],"wp:term":[{"taxonomy":"category","embeddable":true,"href":"https:\/\/www.aede.ch\/index.php?rest_route=%2Fwp%2Fv2%2Fcategories&post=287"},{"taxonomy":"post_tag","embeddable":true,"href":"https:\/\/www.aede.ch\/index.php?rest_route=%2Fwp%2Fv2%2Ftags&post=287"}],"curies":[{"name":"wp","href":"https:\/\/api.w.org\/{rel}","templated":true}]}}