{"id":2746,"date":"2023-11-01T20:26:55","date_gmt":"2023-11-01T20:26:55","guid":{"rendered":"http:\/\/www.aede.ch\/?p=2746"},"modified":"2023-12-10T19:47:14","modified_gmt":"2023-12-10T19:47:14","slug":"culture-le-travail-en-musiques","status":"publish","type":"post","link":"https:\/\/www.aede.ch\/?p=2746","title":{"rendered":"Culture: le travail dans les arts"},"content":{"rendered":"<p>Le travail dans les arts &#8211; productions des participants:<\/p>\n<p><iframe loading=\"lazy\" width=\"560\" height=\"315\" src=\"https:\/\/www.youtube.com\/embed\/XNqzOvRQTAg?si=f2eJGE1ulPqVowTe\" title=\"YouTube video player\" frameborder=\"0\" allow=\"accelerometer; autoplay; clipboard-write; encrypted-media; gyroscope; picture-in-picture; web-share\" allowfullscreen><\/iframe><\/p>\n<p>Le travail dans la musique fran\u00e7aise:<br \/>\n<iframe loading=\"lazy\" title=\"YouTube video player\" src=\"https:\/\/www.youtube.com\/embed\/videoseries?si=7vad3sPrL2-5TQWJ&amp;list=PLmsxXf7JdVBGpru6LOLKCUzn4H1TnxZnJ\" width=\"560\" height=\"315\" frameborder=\"0\" allowfullscreen=\"allowfullscreen\"><\/iframe><br \/>\nLe travail dans la po\u00e9sie fran\u00e7aise:<br \/>\n<div class=\"_df_book df-lite\" id=\"df_2750\"  data-title=\"poetica-travail\" _slug=\"poetica-travail\" wpoptions=\"true\" thumbtype=\"bg\" ><p class=\"df-raw-loading\">Please wait while flipbook is loading. For more related info, FAQs and issues please refer to <a href=\"https:\/\/wordpress.org\/plugins\/3d-flipbook-dflip-lite\/#installation\">DearFlip WordPress Flipbook Plugin Help<\/a> documentation.<\/p><\/div><script class=\"df-shortcode-script\" type=\"application\/javascript\">window.option_df_2750 = {\"outline\":[],\"forceFit\":\"true\",\"autoEnableOutline\":\"false\",\"autoEnableThumbnail\":\"false\",\"overwritePDFOutline\":\"false\",\"direction\":\"1\",\"pageSize\":\"0\",\"source\":\"http:\\\/\\\/www.aede.ch\\\/wp-content\\\/uploads\\\/2023\\\/11\\\/Poetica-TRAVAIL.pdf\",\"wpOptions\":\"true\"}; if(window.DFLIP && window.DFLIP.parseBooks){window.DFLIP.parseBooks();}<\/script><\/p>\n<p>Le travail dans les arts visuels:<br \/>\n<a href=\"http:\/\/www.aede.ch\/wp-content\/uploads\/2023\/11\/Images-Travail.pdf\" target=\"_blank\" rel=\"noopener\">Images &#8211; Travail<\/a><\/p>\n<p>Le travail vu par Sebastiao Salgado:<br \/>\n<div class=\"_df_book df-lite\" id=\"df_2803\"  data-title=\"\" _slug=\"2803\" wpoptions=\"true\" thumbtype=\"bg\" ><p class=\"df-raw-loading\">Please wait while flipbook is loading. For more related info, FAQs and issues please refer to <a href=\"https:\/\/wordpress.org\/plugins\/3d-flipbook-dflip-lite\/#installation\">DearFlip WordPress Flipbook Plugin Help<\/a> documentation.<\/p><\/div><script class=\"df-shortcode-script\" type=\"application\/javascript\">window.option_df_2803 = {\"outline\":[],\"forceFit\":\"true\",\"autoEnableOutline\":\"false\",\"autoEnableThumbnail\":\"false\",\"overwritePDFOutline\":\"false\",\"direction\":\"1\",\"pageSize\":\"0\",\"source\":\"http:\\\/\\\/www.aede.ch\\\/wp-content\\\/uploads\\\/2023\\\/11\\\/079179freo-1.pdf\",\"wpOptions\":\"true\"}; if(window.DFLIP && window.DFLIP.parseBooks){window.DFLIP.parseBooks();}<\/script><br \/>\nSources: unesco.org<\/p>\n<p>https:\/\/histoire-image.org\/<\/p>\n<p>https:\/\/poetica.fr<\/p>\n<p>&nbsp;<\/p>\n<!-- START Kaya QR Code Generator --><div class=\"wpkqcg_qrcode_wrapper\"><input type=\"hidden\" id=\"wpkqcg_qrcode_outputimg_676a9659fd32e7169_ecclevel\" value=\"L\" \/><input type=\"hidden\" id=\"wpkqcg_qrcode_outputimg_676a9659fd32e7169_size\" value=\"\" \/><input type=\"hidden\" id=\"wpkqcg_qrcode_outputimg_676a9659fd32e7169_color\" value=\"\" \/><input type=\"hidden\" id=\"wpkqcg_qrcode_outputimg_676a9659fd32e7169_bgcolor\" value=\"\" \/><input type=\"hidden\" id=\"wpkqcg_qrcode_outputimg_676a9659fd32e7169_content\" value=\"https:\/\/www.aede.ch\/index.php?rest_route=%2Fwp%2Fv2%2Fposts%2F2746\" \/><img src=\"\" id=\"wpkqcg_qrcode_outputimg_676a9659fd32e7169\" alt=\"QR Code\" class=\"wpkqcg_qrcode\" style=\"width: auto; height: auto; max-width: 100%;\" ><div style=\"clear: none;\"><\/div><\/div><!-- END Kaya QR Code Generator -->\n","protected":false},"excerpt":{"rendered":"<p>Le travail dans les arts &#8211; productions des participants: Le travail dans la musique fran\u00e7aise: Le travail dans la po\u00e9sie fran\u00e7aise: Le travail dans les arts visuels: Images &#8211; Travail Le travail vu par Sebastiao Salgado: Sources: unesco.org https:\/\/histoire-image.org\/ https:\/\/poetica.fr &nbsp;<\/p>\n","protected":false},"author":1,"featured_media":2747,"comment_status":"closed","ping_status":"closed","sticky":true,"template":"","format":"standard","meta":[],"categories":[16,26,17,32,51,22,27,52,21,53],"tags":[],"_links":{"self":[{"href":"https:\/\/www.aede.ch\/index.php?rest_route=\/wp\/v2\/posts\/2746"}],"collection":[{"href":"https:\/\/www.aede.ch\/index.php?rest_route=\/wp\/v2\/posts"}],"about":[{"href":"https:\/\/www.aede.ch\/index.php?rest_route=\/wp\/v2\/types\/post"}],"author":[{"embeddable":true,"href":"https:\/\/www.aede.ch\/index.php?rest_route=\/wp\/v2\/users\/1"}],"replies":[{"embeddable":true,"href":"https:\/\/www.aede.ch\/index.php?rest_route=%2Fwp%2Fv2%2Fcomments&post=2746"}],"version-history":[{"count":9,"href":"https:\/\/www.aede.ch\/index.php?rest_route=\/wp\/v2\/posts\/2746\/revisions"}],"predecessor-version":[{"id":2889,"href":"https:\/\/www.aede.ch\/index.php?rest_route=\/wp\/v2\/posts\/2746\/revisions\/2889"}],"wp:featuredmedia":[{"embeddable":true,"href":"https:\/\/www.aede.ch\/index.php?rest_route=\/wp\/v2\/media\/2747"}],"wp:attachment":[{"href":"https:\/\/www.aede.ch\/index.php?rest_route=%2Fwp%2Fv2%2Fmedia&parent=2746"}],"wp:term":[{"taxonomy":"category","embeddable":true,"href":"https:\/\/www.aede.ch\/index.php?rest_route=%2Fwp%2Fv2%2Fcategories&post=2746"},{"taxonomy":"post_tag","embeddable":true,"href":"https:\/\/www.aede.ch\/index.php?rest_route=%2Fwp%2Fv2%2Ftags&post=2746"}],"curies":[{"name":"wp","href":"https:\/\/api.w.org\/{rel}","templated":true}]}}