{"id":2240,"date":"2023-03-20T12:06:30","date_gmt":"2023-03-20T12:06:30","guid":{"rendered":"http:\/\/www.aede.ch\/?p=2240"},"modified":"2023-09-30T18:57:17","modified_gmt":"2023-09-30T18:57:17","slug":"la-poesie-et-la-prosodie","status":"publish","type":"post","link":"https:\/\/www.aede.ch\/?p=2240","title":{"rendered":"La po\u00e9sie et la prosodie"},"content":{"rendered":"<h6>\u00c9couter les po\u00e8mes mis en bouche par d&rsquo;autres:<\/h6>\n<p><iframe loading=\"lazy\" title=\"YouTube video player\" src=\"https:\/\/www.youtube.com\/embed\/nlpiODIWpsY\" width=\"560\" height=\"315\" frameborder=\"0\" allowfullscreen=\"allowfullscreen\"><span style=\"display: inline-block; width: 0px; overflow: hidden; line-height: 0;\" data-mce-type=\"bookmark\" class=\"mce_SELRES_start\">\ufeff<\/span><\/iframe><\/p>\n<div id=\"dflip-tab-content-normal\" class=\"dflip-tab-content dflip-active\"><code><div class=\"_df_book df-lite\" id=\"df_2252\"  data-title=\"poesie-recueil\" _slug=\"poesie-recueil\" wpoptions=\"true\" thumbtype=\"bg\" ><p class=\"df-raw-loading\">Please wait while flipbook is loading. For more related info, FAQs and issues please refer to <a href=\"https:\/\/wordpress.org\/plugins\/3d-flipbook-dflip-lite\/#installation\">DearFlip WordPress Flipbook Plugin Help<\/a> documentation.<\/p><\/div><script class=\"df-shortcode-script\" type=\"application\/javascript\">window.option_df_2252 = {\"outline\":[],\"forceFit\":\"true\",\"autoEnableOutline\":\"false\",\"autoEnableThumbnail\":\"false\",\"overwritePDFOutline\":\"false\",\"direction\":\"1\",\"pageSize\":\"0\",\"source\":\"http:\\\/\\\/www.aede.ch\\\/wp-content\\\/uploads\\\/2023\\\/03\\\/Poe\\u0301sie-FR-Classique.pdf\",\"wpOptions\":\"true\"}; if(window.DFLIP && window.DFLIP.parseBooks){window.DFLIP.parseBooks();}<\/script><\/code><\/div>\n<h6>Faire une recherche sur un auteur et r\u00e9sumer la vie et l&rsquo;oeuvre d&rsquo;un des po\u00e8tes choisis:<\/h6>\n<p style=\"text-align: center;\"><strong><a href=\"https:\/\/fr.wikipedia.org\/wiki\/Wikip%C3%A9dia:Accueil_principal\" target=\"_blank\" rel=\"noopener\">Wikipedia (fran\u00e7ais)<\/a><\/strong><\/p>\n<h6>Le vocabulaire de la po\u00e9sie: prosodie, m\u00e9trique et figures de style<\/h6>\n<p><iframe loading=\"lazy\" title=\"YouTube video player\" src=\"https:\/\/www.youtube.com\/embed\/76zIu7EF-XE\" width=\"560\" height=\"315\" frameborder=\"0\" allowfullscreen=\"allowfullscreen\"><\/iframe><\/p>\n<div id=\"dflip-tab-content-normal\" class=\"dflip-tab-content dflip-active\"><code><div class=\"_df_book df-lite\" id=\"df_2248\"  data-title=\"la-poesie\" _slug=\"la-poesie\" wpoptions=\"true\" thumbtype=\"bg\" ><p class=\"df-raw-loading\">Please wait while flipbook is loading. For more related info, FAQs and issues please refer to <a href=\"https:\/\/wordpress.org\/plugins\/3d-flipbook-dflip-lite\/#installation\">DearFlip WordPress Flipbook Plugin Help<\/a> documentation.<\/p><\/div><script class=\"df-shortcode-script\" type=\"application\/javascript\">window.option_df_2248 = {\"outline\":[],\"forceFit\":\"true\",\"autoEnableOutline\":\"false\",\"autoEnableThumbnail\":\"false\",\"overwritePDFOutline\":\"false\",\"direction\":\"1\",\"pageSize\":\"0\",\"source\":\"http:\\\/\\\/www.aede.ch\\\/wp-content\\\/uploads\\\/2023\\\/03\\\/La-poe\\u0301sie.pdf\",\"wpOptions\":\"true\"}; if(window.DFLIP && window.DFLIP.parseBooks){window.DFLIP.parseBooks();}<\/script><\/code><\/div>\n<div><\/div>\n<p><iframe loading=\"lazy\" title=\"YouTube video player\" src=\"https:\/\/www.youtube.com\/embed\/epl6xzm64x4\" width=\"560\" height=\"315\" frameborder=\"0\" allowfullscreen=\"allowfullscreen\"><\/iframe><\/p>\n<h6>Qu&rsquo;ai-je retenu?<\/h6>\n<p><strong><em>&#8211; La versification:<\/em><\/strong><\/p>\n<p><iframe style=\"border: 0px; width: 100%; height: 500px;\" src=\"https:\/\/learningapps.org\/watch?v=p38gfxj7n23\" allowfullscreen=\"allowfullscreen\"><\/iframe><\/p>\n<p><em><strong>&#8211; Les figures de style:<\/strong><\/em><\/p>\n<p><iframe style=\"border: 0px; width: 100%; height: 500px;\" src=\"https:\/\/learningapps.org\/watch?v=p88g5ysa323\" allowfullscreen=\"allowfullscreen\"><\/iframe><\/p>\n<h6>Pour aller plus loin: le printemps de la po\u00e9sie<\/h6>\n<p><a href=\"https:\/\/printempspoesie.lyricalvalley.org\/programme-2023\/\" target=\"_blank\" rel=\"noopener\">https:\/\/printempspoesie.lyricalvalley.org\/programme-2023\/<\/a><\/p>\n<!-- START Kaya QR Code Generator --><div class=\"wpkqcg_qrcode_wrapper\"><input type=\"hidden\" id=\"wpkqcg_qrcode_outputimg_286a966972aeae612_ecclevel\" value=\"L\" \/><input type=\"hidden\" id=\"wpkqcg_qrcode_outputimg_286a966972aeae612_size\" value=\"\" \/><input type=\"hidden\" id=\"wpkqcg_qrcode_outputimg_286a966972aeae612_color\" value=\"\" \/><input type=\"hidden\" id=\"wpkqcg_qrcode_outputimg_286a966972aeae612_bgcolor\" value=\"\" \/><input type=\"hidden\" id=\"wpkqcg_qrcode_outputimg_286a966972aeae612_content\" value=\"https:\/\/www.aede.ch\/index.php?rest_route=%2Fwp%2Fv2%2Fposts%2F2240\" \/><img src=\"\" id=\"wpkqcg_qrcode_outputimg_286a966972aeae612\" alt=\"QR Code\" class=\"wpkqcg_qrcode\" style=\"width: auto; height: auto; max-width: 100%;\" ><div style=\"clear: none;\"><\/div><\/div><!-- END Kaya QR Code Generator -->\n","protected":false},"excerpt":{"rendered":"<p>\u00c9couter les po\u00e8mes mis en bouche par d&rsquo;autres: \ufeff Faire une recherche sur un auteur et r\u00e9sumer la vie et l&rsquo;oeuvre d&rsquo;un des po\u00e8tes choisis: Wikipedia (fran\u00e7ais) Le vocabulaire de la po\u00e9sie: prosodie, m\u00e9trique et figures de style Qu&rsquo;ai-je retenu? &#8211; La versification: &#8211; Les figures de style: Pour aller plus loin: le printemps de&#8230;<\/p>\n<p class=\"more-link-wrap\"><a href=\"https:\/\/www.aede.ch\/?p=2240\" class=\"more-link\">Lire davantage:<span class=\"screen-reader-text\"> &ldquo;La po\u00e9sie et la prosodie&rdquo;<\/span> &raquo;<\/a><\/p>\n","protected":false},"author":1,"featured_media":2244,"comment_status":"closed","ping_status":"closed","sticky":false,"template":"","format":"standard","meta":[],"categories":[26,22,27,3,30,53,28],"tags":[],"_links":{"self":[{"href":"https:\/\/www.aede.ch\/index.php?rest_route=\/wp\/v2\/posts\/2240"}],"collection":[{"href":"https:\/\/www.aede.ch\/index.php?rest_route=\/wp\/v2\/posts"}],"about":[{"href":"https:\/\/www.aede.ch\/index.php?rest_route=\/wp\/v2\/types\/post"}],"author":[{"embeddable":true,"href":"https:\/\/www.aede.ch\/index.php?rest_route=\/wp\/v2\/users\/1"}],"replies":[{"embeddable":true,"href":"https:\/\/www.aede.ch\/index.php?rest_route=%2Fwp%2Fv2%2Fcomments&post=2240"}],"version-history":[{"count":7,"href":"https:\/\/www.aede.ch\/index.php?rest_route=\/wp\/v2\/posts\/2240\/revisions"}],"predecessor-version":[{"id":2257,"href":"https:\/\/www.aede.ch\/index.php?rest_route=\/wp\/v2\/posts\/2240\/revisions\/2257"}],"wp:featuredmedia":[{"embeddable":true,"href":"https:\/\/www.aede.ch\/index.php?rest_route=\/wp\/v2\/media\/2244"}],"wp:attachment":[{"href":"https:\/\/www.aede.ch\/index.php?rest_route=%2Fwp%2Fv2%2Fmedia&parent=2240"}],"wp:term":[{"taxonomy":"category","embeddable":true,"href":"https:\/\/www.aede.ch\/index.php?rest_route=%2Fwp%2Fv2%2Fcategories&post=2240"},{"taxonomy":"post_tag","embeddable":true,"href":"https:\/\/www.aede.ch\/index.php?rest_route=%2Fwp%2Fv2%2Ftags&post=2240"}],"curies":[{"name":"wp","href":"https:\/\/api.w.org\/{rel}","templated":true}]}}