{"id":2164,"date":"2023-02-27T20:00:00","date_gmt":"2023-02-27T20:00:00","guid":{"rendered":"http:\/\/www.aede.ch\/?p=2164"},"modified":"2023-09-03T21:06:41","modified_gmt":"2023-09-03T21:06:41","slug":"culture-generale-identite-et-exil","status":"publish","type":"post","link":"https:\/\/www.aede.ch\/?p=2164","title":{"rendered":"Culture g\u00e9n\u00e9rale: identit\u00e9 et exil"},"content":{"rendered":"<p><img loading=\"lazy\" src=\"http:\/\/www.aede.ch\/wp-content\/uploads\/2023\/02\/flee-film-300x169.jpg\" alt=\"\" width=\"300\" height=\"169\" class=\"alignnone size-medium wp-image-2165\" srcset=\"https:\/\/www.aede.ch\/wp-content\/uploads\/2023\/02\/flee-film-300x169.jpg 300w, https:\/\/www.aede.ch\/wp-content\/uploads\/2023\/02\/flee-film-1024x576.jpg 1024w, https:\/\/www.aede.ch\/wp-content\/uploads\/2023\/02\/flee-film-768x432.jpg 768w, https:\/\/www.aede.ch\/wp-content\/uploads\/2023\/02\/flee-film.jpg 1280w\" sizes=\"(max-width: 300px) 100vw, 300px\" \/><br \/>\nDepuis plus de vingt ans, Amin cache un secret qui menace de ruiner la vie qu\u2019il s\u2019est construite. Sur le point d\u2019\u00e9pouser son compagnon, il est pouss\u00e9 \u00e0 se d\u00e9voiler. R\u00e9alis\u00e9 principalement avec des images d\u2019animation remarquables, Flee nous embarque ainsi dans le parcours d\u2019un r\u00e9fugi\u00e9 \u2013 d\u2019Afghanistan au Danemark. Un r\u00e9cit poignant, laur\u00e9at du Grand prix du Jury \u00e0 Sundance. (Visions du R\u00e9el, 2021)<br \/>\n<iframe loading=\"lazy\" allowfullscreen=\"true\" style=\"transition-duration:0;transition-property:no;margin:0 auto;position:relative;display:block;background-color:#000000;\" frameborder=\"0\" scrolling=\"no\" width=\"100%\" height=\"100%\" src=\"https:\/\/www.arte.tv\/player\/v7\/index.html?json_url=https%3A%2F%2Fapi.arte.tv%2Fapi%2Fplayer%2Fv2%2Fconfig%2Ffr%2F075801-000-A&#038;lang=fr_FR&#038;autoplay=true&#038;mute=0&#038;previewData=%7B%22title%22%3A%22Flee%22%2C%22subtitle%22%3Anull%2C%22image%22%3A%22https%3A%2F%2Fapi-cdn.arte.tv%2Fimg%2Fv2%2Fimage%2FEmyHDBP2dmZAe96Rvtf3dd%2F940x530%22%7D\"><\/iframe><br \/>\nSource: Arte.tv<br \/>\n<!-- START Kaya QR Code Generator --><div class=\"wpkqcg_qrcode_wrapper\"><input type=\"hidden\" id=\"wpkqcg_qrcode_outputimg_846a96683a79af412_ecclevel\" value=\"L\" \/><input type=\"hidden\" id=\"wpkqcg_qrcode_outputimg_846a96683a79af412_size\" value=\"\" \/><input type=\"hidden\" id=\"wpkqcg_qrcode_outputimg_846a96683a79af412_color\" value=\"\" \/><input type=\"hidden\" id=\"wpkqcg_qrcode_outputimg_846a96683a79af412_bgcolor\" value=\"\" \/><input type=\"hidden\" id=\"wpkqcg_qrcode_outputimg_846a96683a79af412_content\" value=\"https:\/\/www.aede.ch\/index.php?rest_route=%2Fwp%2Fv2%2Fposts%2F2164\" \/><img src=\"\" id=\"wpkqcg_qrcode_outputimg_846a96683a79af412\" alt=\"QR Code\" class=\"wpkqcg_qrcode\" style=\"width: auto; height: auto; max-width: 100%;\" ><div style=\"clear: none;\"><\/div><\/div><!-- END Kaya QR Code Generator --><\/p>\n","protected":false},"excerpt":{"rendered":"<p>Depuis plus de vingt ans, Amin cache un secret qui menace de ruiner la vie qu\u2019il s\u2019est construite. Sur le point d\u2019\u00e9pouser son compagnon, il est pouss\u00e9 \u00e0 se d\u00e9voiler. R\u00e9alis\u00e9 principalement avec des images d\u2019animation remarquables, Flee nous embarque ainsi dans le parcours d\u2019un r\u00e9fugi\u00e9 \u2013 d\u2019Afghanistan au Danemark. Un r\u00e9cit poignant, laur\u00e9at du&#8230;<\/p>\n<p class=\"more-link-wrap\"><a href=\"https:\/\/www.aede.ch\/?p=2164\" class=\"more-link\">Lire davantage:<span class=\"screen-reader-text\"> &ldquo;Culture g\u00e9n\u00e9rale: identit\u00e9 et exil&rdquo;<\/span> &raquo;<\/a><\/p>\n","protected":false},"author":1,"featured_media":2166,"comment_status":"closed","ping_status":"closed","sticky":false,"template":"","format":"standard","meta":[],"categories":[32,51,50,52,6,42,49,28],"tags":[],"_links":{"self":[{"href":"https:\/\/www.aede.ch\/index.php?rest_route=\/wp\/v2\/posts\/2164"}],"collection":[{"href":"https:\/\/www.aede.ch\/index.php?rest_route=\/wp\/v2\/posts"}],"about":[{"href":"https:\/\/www.aede.ch\/index.php?rest_route=\/wp\/v2\/types\/post"}],"author":[{"embeddable":true,"href":"https:\/\/www.aede.ch\/index.php?rest_route=\/wp\/v2\/users\/1"}],"replies":[{"embeddable":true,"href":"https:\/\/www.aede.ch\/index.php?rest_route=%2Fwp%2Fv2%2Fcomments&post=2164"}],"version-history":[{"count":1,"href":"https:\/\/www.aede.ch\/index.php?rest_route=\/wp\/v2\/posts\/2164\/revisions"}],"predecessor-version":[{"id":2167,"href":"https:\/\/www.aede.ch\/index.php?rest_route=\/wp\/v2\/posts\/2164\/revisions\/2167"}],"wp:featuredmedia":[{"embeddable":true,"href":"https:\/\/www.aede.ch\/index.php?rest_route=\/wp\/v2\/media\/2166"}],"wp:attachment":[{"href":"https:\/\/www.aede.ch\/index.php?rest_route=%2Fwp%2Fv2%2Fmedia&parent=2164"}],"wp:term":[{"taxonomy":"category","embeddable":true,"href":"https:\/\/www.aede.ch\/index.php?rest_route=%2Fwp%2Fv2%2Fcategories&post=2164"},{"taxonomy":"post_tag","embeddable":true,"href":"https:\/\/www.aede.ch\/index.php?rest_route=%2Fwp%2Fv2%2Ftags&post=2164"}],"curies":[{"name":"wp","href":"https:\/\/api.w.org\/{rel}","templated":true}]}}