{"id":1204,"date":"2022-04-25T18:06:01","date_gmt":"2022-04-25T18:06:01","guid":{"rendered":"http:\/\/www.aede.ch\/?p=1204"},"modified":"2023-09-07T16:50:10","modified_gmt":"2023-09-07T16:50:10","slug":"education-aux-medias-le-reportage-le-portrait-et-linterview","status":"publish","type":"post","link":"https:\/\/www.aede.ch\/?p=1204","title":{"rendered":"Education aux m\u00e9dias: le reportage, le portrait et l&rsquo;interview"},"content":{"rendered":"<p><strong>Le reportage:<\/strong><br \/>\n<em>D\u00e9butant:<\/em><br \/>\n<iframe loading=\"lazy\" id=\"serie-embeded\" width=\"750\" height=\"750\" src=\"https:\/\/apprendre.tv5monde.com\/fr\/exercices\/a2-elementaire\/embed\/astuces-pour-apprendre-le-reportage\" frameborder=\"0\"><\/iframe><\/p>\n<p><em>Interm\u00e9diaire:<\/em><br \/>\n<iframe loading=\"lazy\" id=\"serie-embeded\" width=\"750\" height=\"750\" src=\"https:\/\/apprendre.tv5monde.com\/fr\/exercices\/b1-intermediaire\/embed\/astuces-pour-apprendre-le-reportage\" frameborder=\"0\"><\/iframe><\/p>\n<p><strong>L&rsquo;interview<\/strong><br \/>\n<iframe loading=\"lazy\" id=\"serie-embeded\" width=\"750\" height=\"750\" src=\"https:\/\/apprendre.tv5monde.com\/fr\/exercices\/b1-intermediaire\/embed\/astuces-pour-apprendre-linterview\" frameborder=\"0\"><\/iframe><br \/>\n<strong>Le portrait<\/strong><br \/>\n<em>Avanc\u00e9: <\/em><br \/>\n<iframe loading=\"lazy\" id=\"serie-embeded\" width=\"750\" height=\"750\" src=\"https:\/\/apprendre.tv5monde.com\/fr\/exercices\/b2-avance\/embed\/astuces-pour-apprendre-le-portrait\" frameborder=\"0\"><\/iframe><br \/>\n<!-- START Kaya QR Code Generator --><div class=\"wpkqcg_qrcode_wrapper\"><input type=\"hidden\" id=\"wpkqcg_qrcode_outputimg_956a966370af06274_ecclevel\" value=\"L\" \/><input type=\"hidden\" id=\"wpkqcg_qrcode_outputimg_956a966370af06274_size\" value=\"\" \/><input type=\"hidden\" id=\"wpkqcg_qrcode_outputimg_956a966370af06274_color\" value=\"\" \/><input type=\"hidden\" id=\"wpkqcg_qrcode_outputimg_956a966370af06274_bgcolor\" value=\"\" \/><input type=\"hidden\" id=\"wpkqcg_qrcode_outputimg_956a966370af06274_content\" value=\"https:\/\/www.aede.ch\/index.php?rest_route=%2Fwp%2Fv2%2Fposts%2F1204\" \/><img src=\"\" id=\"wpkqcg_qrcode_outputimg_956a966370af06274\" alt=\"QR Code\" class=\"wpkqcg_qrcode\" style=\"width: auto; height: auto; max-width: 100%;\" ><div style=\"clear: none;\"><\/div><\/div><!-- END Kaya QR Code Generator --><\/p>\n","protected":false},"excerpt":{"rendered":"<p>Le reportage: D\u00e9butant: Interm\u00e9diaire: L&rsquo;interview Le portrait Avanc\u00e9:<\/p>\n","protected":false},"author":1,"featured_media":113,"comment_status":"closed","ping_status":"closed","sticky":false,"template":"","format":"standard","meta":[],"categories":[16,17,32,51,27,6],"tags":[],"_links":{"self":[{"href":"https:\/\/www.aede.ch\/index.php?rest_route=\/wp\/v2\/posts\/1204"}],"collection":[{"href":"https:\/\/www.aede.ch\/index.php?rest_route=\/wp\/v2\/posts"}],"about":[{"href":"https:\/\/www.aede.ch\/index.php?rest_route=\/wp\/v2\/types\/post"}],"author":[{"embeddable":true,"href":"https:\/\/www.aede.ch\/index.php?rest_route=\/wp\/v2\/users\/1"}],"replies":[{"embeddable":true,"href":"https:\/\/www.aede.ch\/index.php?rest_route=%2Fwp%2Fv2%2Fcomments&post=1204"}],"version-history":[{"count":1,"href":"https:\/\/www.aede.ch\/index.php?rest_route=\/wp\/v2\/posts\/1204\/revisions"}],"predecessor-version":[{"id":1205,"href":"https:\/\/www.aede.ch\/index.php?rest_route=\/wp\/v2\/posts\/1204\/revisions\/1205"}],"wp:featuredmedia":[{"embeddable":true,"href":"https:\/\/www.aede.ch\/index.php?rest_route=\/wp\/v2\/media\/113"}],"wp:attachment":[{"href":"https:\/\/www.aede.ch\/index.php?rest_route=%2Fwp%2Fv2%2Fmedia&parent=1204"}],"wp:term":[{"taxonomy":"category","embeddable":true,"href":"https:\/\/www.aede.ch\/index.php?rest_route=%2Fwp%2Fv2%2Fcategories&post=1204"},{"taxonomy":"post_tag","embeddable":true,"href":"https:\/\/www.aede.ch\/index.php?rest_route=%2Fwp%2Fv2%2Ftags&post=1204"}],"curies":[{"name":"wp","href":"https:\/\/api.w.org\/{rel}","templated":true}]}}